{"id":10370,"date":"2013-01-04T17:00:56","date_gmt":"2013-01-04T16:00:56","guid":{"rendered":"https:\/\/www.gold.fr\/news\/?p=10370"},"modified":"2019-08-08T10:38:36","modified_gmt":"2019-08-08T08:38:36","slug":"la-fed-a-la-rescousse-de-leconomie-us","status":"publish","type":"post","link":"https:\/\/www.gold.fr\/news\/2013\/01\/04\/la-fed-a-la-rescousse-de-leconomie-us\/","title":{"rendered":"La FED \u00e0 la rescousse de l\u2019\u00e9conomie US"},"content":{"rendered":"<p><span style=\"font-size: small;\"><img loading=\"lazy\" decoding=\"async\" class=\"alignleft size-thumbnail wp-image-3998\" title=\"La FED \u00e0 la rescousse de l\u2019\u00e9conomie US\" src=\"https:\/\/www.gold.fr\/news\/wp-content\/uploads\/2011\/11\/Lingot-or-150x150.jpg\" alt=\"\" width=\"150\" height=\"150\" \/><strong>Ben Bernanke<\/strong> aura tout essay\u00e9. Durant l\u2019ann\u00e9e <strong>2012<\/strong>, le pr\u00e9sident de la r\u00e9serve f\u00e9d\u00e9rale am\u00e9ricaine aura accumul\u00e9 les mesures d\u2019assouplissement destin\u00e9es \u00e0 soutenir l\u2019\u00e9conomie nationale, et notamment les secteurs relatifs \u00e0 l&rsquo;investissement, la consommation et le domaine de l\u2019immobilier.<\/span> <span style=\"font-size: small;\"> Il y a d\u2019abord le taux directeur qui est maintenu dans une limite de fluctuation allant de <strong>0<\/strong> \u00e0 <strong>0,25%<\/strong> depuis le mois de <strong>d\u00e9cembre 2008<\/strong>. Sont donc venues s\u2019y rajouter, cette ann\u00e9e, des dispositions exceptionnelles dont le principal but est de favoriser la reprise, tout en gardant les taux d&rsquo;int\u00e9r\u00eat sous une pression permanente (du plus court au plus long terme).<\/span> <span style=\"font-size: small;\"> R\u00e9uni (au d\u00e9but du mois de d\u00e9cembre) afin de mettre en place de <a title=\"Des mesures tr\u00e8s controvers\u00e9es de la FED\" href=\"https:\/\/www.gold.fr\/news\/2012\/12\/18\/des-mesures-tres-controversees-de-la-fed\/10272\/\" target=\"_blank\" rel=\"noopener noreferrer\">nouvelles mesures mon\u00e9taires et financi\u00e8res<\/a>, le Comit\u00e9 de la FED avait, par ailleurs, d\u00e9cid\u00e9 de baser le maintien de son taux directeur (\u00e0 quasi <strong>0%<\/strong>) sur trois principaux crit\u00e8res \u00e9conomiques co-d\u00e9pendants.<\/span> <span style=\"font-size: small;\"> La r\u00e9serve f\u00e9d\u00e9rale a donc d\u00e9cid\u00e9 de maintenir son taux directeur au plancher aussi longtemps que\u00a0:<\/span><\/p>\n<ul>\n<li><span style=\"font-size: small;\">Le taux de ch\u00f4mage officiel (tournant actuellement autour de <strong>7,7%<\/strong>) se maintiendra au-del\u00e0 de <strong>6,5%<\/strong><\/span><\/li>\n<li><span style=\"font-size: small;\">La d\u00e9viation des perspectives d&rsquo;inflation (\u00e0 moyen terme) n\u2019exc\u00e8de pas le demi-point par rapport \u00e0 la limite de <strong>2,0%<\/strong> fix\u00e9e par la Fed (l\u2019exc\u00e8s concerne autant la baisse que la hausse)<\/span><\/li>\n<li><span style=\"font-size: small;\">\u00ab\u00a0<em>Les attentes d&rsquo;inflation \u00e0 plus long terme resteront bien arrim\u00e9es<\/em>\u00a0\u00bb (selon le communiqu\u00e9 de la <strong>FED<\/strong>).<\/span><\/li>\n<\/ul>\n<!-- AddThis Advanced Settings generic via filter on the_content --><!-- AddThis Share Buttons generic via filter on the_content -->","protected":false},"excerpt":{"rendered":"<p>Ben Bernanke aura tout essay\u00e9. Durant l\u2019ann\u00e9e 2012, le pr\u00e9sident de la r\u00e9serve f\u00e9d\u00e9rale am\u00e9ricaine aura accumul\u00e9 les mesures d\u2019assouplissement destin\u00e9es \u00e0 soutenir l\u2019\u00e9conomie nationale, et notamment les secteurs relatifs \u00e0 l&rsquo;investissement, la consommation et le [&hellip;]<\/p>\n","protected":false},"author":18,"featured_media":3998,"comment_status":"open","ping_status":"open","sticky":false,"template":"","format":"standard","meta":{"_mbp_gutenberg_autopost":false,"_pgmb_is_evergreen":false,"_pgmb_ap_template_id":0,"footnotes":""},"categories":[6],"tags":[940,144,405],"ppma_author":[2565],"class_list":["post-10370","post","type-post","status-publish","format-standard","has-post-thumbnail","hentry","category-articles-de-presse","tag-economie-americaine","tag-fed","tag-usa"],"yoast_head":"<!-- This site is optimized with the Yoast SEO plugin v27.5 - https:\/\/yoast.com\/product\/yoast-seo-wordpress\/ -->\n<title>La FED \u00e0 la rescousse de l\u2019\u00e9conomie US - Gold.fr<\/title>\n<meta name=\"description\" content=\"La FED \u00e0 la rescousse de l&#039;\u00e9conomie US. Suivez le cours de l&#039;or, de l&#039;argent et d&#039;autres m\u00e9taux pr\u00e9cieux sur Gold.fr. Le site d&#039;actualit\u00e9 du Comptoir National de l&#039;Or.\" \/>\n<meta name=\"robots\" content=\"index, follow, max-snippet:-1, max-image-preview:large, max-video-preview:-1\" \/>\n<link rel=\"canonical\" href=\"https:\/\/www.gold.fr\/news\/2013\/01\/04\/la-fed-a-la-rescousse-de-leconomie-us\/\" \/>\n<meta property=\"og:locale\" content=\"fr_FR\" \/>\n<meta property=\"og:type\" content=\"article\" \/>\n<meta property=\"og:title\" content=\"La FED \u00e0 la rescousse de l\u2019\u00e9conomie US - Gold.fr\" \/>\n<meta property=\"og:description\" content=\"La FED \u00e0 la rescousse de l&#039;\u00e9conomie US. Suivez le cours de l&#039;or, de l&#039;argent et d&#039;autres m\u00e9taux pr\u00e9cieux sur Gold.fr. Le site d&#039;actualit\u00e9 du Comptoir National de l&#039;Or.\" \/>\n<meta property=\"og:url\" content=\"https:\/\/www.gold.fr\/news\/2013\/01\/04\/la-fed-a-la-rescousse-de-leconomie-us\/\" \/>\n<meta property=\"og:site_name\" content=\"Gold.fr\" \/>\n<meta property=\"article:publisher\" content=\"https:\/\/www.facebook.com\/Goldfr\/\" \/>\n<meta property=\"article:published_time\" content=\"2013-01-04T16:00:56+00:00\" \/>\n<meta property=\"article:modified_time\" content=\"2019-08-08T08:38:36+00:00\" \/>\n<meta property=\"og:image\" content=\"https:\/\/www.gold.fr\/news\/wp-content\/uploads\/2011\/11\/Lingot-or.jpg\" \/>\n\t<meta property=\"og:image:width\" content=\"600\" \/>\n\t<meta property=\"og:image:height\" content=\"392\" \/>\n\t<meta property=\"og:image:type\" content=\"image\/jpeg\" \/>\n<meta name=\"author\" content=\"Comptoir National de l&#039;Or\" \/>\n<meta name=\"twitter:card\" content=\"summary_large_image\" \/>\n<meta name=\"twitter:label1\" content=\"\u00c9crit par\" \/>\n\t<meta name=\"twitter:data1\" content=\"Comptoir National de l&#039;Or\" \/>\n\t<meta name=\"twitter:label2\" content=\"Dur\u00e9e de lecture estim\u00e9e\" \/>\n\t<meta name=\"twitter:data2\" content=\"1 minute\" \/>\n<script type=\"application\/ld+json\" class=\"yoast-schema-graph\">{\"@context\":\"https:\\\/\\\/schema.org\",\"@graph\":[{\"@type\":\"Article\",\"@id\":\"https:\\\/\\\/www.gold.fr\\\/news\\\/2013\\\/01\\\/04\\\/la-fed-a-la-rescousse-de-leconomie-us\\\/#article\",\"isPartOf\":{\"@id\":\"https:\\\/\\\/www.gold.fr\\\/news\\\/2013\\\/01\\\/04\\\/la-fed-a-la-rescousse-de-leconomie-us\\\/\"},\"author\":{\"name\":\"Comptoir National de l'Or\",\"@id\":\"https:\\\/\\\/www.gold.fr\\\/news\\\/#\\\/schema\\\/person\\\/070491b4b4fb7671bf59b3be20302ce9\"},\"headline\":\"La FED \u00e0 la rescousse de l\u2019\u00e9conomie US\",\"datePublished\":\"2013-01-04T16:00:56+00:00\",\"dateModified\":\"2019-08-08T08:38:36+00:00\",\"mainEntityOfPage\":{\"@id\":\"https:\\\/\\\/www.gold.fr\\\/news\\\/2013\\\/01\\\/04\\\/la-fed-a-la-rescousse-de-leconomie-us\\\/\"},\"wordCount\":257,\"commentCount\":0,\"image\":{\"@id\":\"https:\\\/\\\/www.gold.fr\\\/news\\\/2013\\\/01\\\/04\\\/la-fed-a-la-rescousse-de-leconomie-us\\\/#primaryimage\"},\"thumbnailUrl\":\"https:\\\/\\\/www.gold.fr\\\/news\\\/wp-content\\\/uploads\\\/2011\\\/11\\\/Lingot-or.jpg\",\"keywords\":[\"\u00e9conomie am\u00e9ricaine\",\"fed\",\"usa\"],\"articleSection\":[\"Articles de presse\"],\"inLanguage\":\"fr-FR\"},{\"@type\":\"WebPage\",\"@id\":\"https:\\\/\\\/www.gold.fr\\\/news\\\/2013\\\/01\\\/04\\\/la-fed-a-la-rescousse-de-leconomie-us\\\/\",\"url\":\"https:\\\/\\\/www.gold.fr\\\/news\\\/2013\\\/01\\\/04\\\/la-fed-a-la-rescousse-de-leconomie-us\\\/\",\"name\":\"La FED \u00e0 la rescousse de l\u2019\u00e9conomie US - Gold.fr\",\"isPartOf\":{\"@id\":\"https:\\\/\\\/www.gold.fr\\\/news\\\/#website\"},\"primaryImageOfPage\":{\"@id\":\"https:\\\/\\\/www.gold.fr\\\/news\\\/2013\\\/01\\\/04\\\/la-fed-a-la-rescousse-de-leconomie-us\\\/#primaryimage\"},\"image\":{\"@id\":\"https:\\\/\\\/www.gold.fr\\\/news\\\/2013\\\/01\\\/04\\\/la-fed-a-la-rescousse-de-leconomie-us\\\/#primaryimage\"},\"thumbnailUrl\":\"https:\\\/\\\/www.gold.fr\\\/news\\\/wp-content\\\/uploads\\\/2011\\\/11\\\/Lingot-or.jpg\",\"datePublished\":\"2013-01-04T16:00:56+00:00\",\"dateModified\":\"2019-08-08T08:38:36+00:00\",\"author\":{\"@id\":\"https:\\\/\\\/www.gold.fr\\\/news\\\/#\\\/schema\\\/person\\\/070491b4b4fb7671bf59b3be20302ce9\"},\"description\":\"La FED \u00e0 la rescousse de l'\u00e9conomie US. Suivez le cours de l'or, de l'argent et d'autres m\u00e9taux pr\u00e9cieux sur Gold.fr. Le site d'actualit\u00e9 du Comptoir National de l'Or.\",\"breadcrumb\":{\"@id\":\"https:\\\/\\\/www.gold.fr\\\/news\\\/2013\\\/01\\\/04\\\/la-fed-a-la-rescousse-de-leconomie-us\\\/#breadcrumb\"},\"inLanguage\":\"fr-FR\",\"potentialAction\":[{\"@type\":\"ReadAction\",\"target\":[\"https:\\\/\\\/www.gold.fr\\\/news\\\/2013\\\/01\\\/04\\\/la-fed-a-la-rescousse-de-leconomie-us\\\/\"]}]},{\"@type\":\"ImageObject\",\"inLanguage\":\"fr-FR\",\"@id\":\"https:\\\/\\\/www.gold.fr\\\/news\\\/2013\\\/01\\\/04\\\/la-fed-a-la-rescousse-de-leconomie-us\\\/#primaryimage\",\"url\":\"https:\\\/\\\/www.gold.fr\\\/news\\\/wp-content\\\/uploads\\\/2011\\\/11\\\/Lingot-or.jpg\",\"contentUrl\":\"https:\\\/\\\/www.gold.fr\\\/news\\\/wp-content\\\/uploads\\\/2011\\\/11\\\/Lingot-or.jpg\",\"width\":\"600\",\"height\":\"392\",\"caption\":\"L'attentisme FED profite \u00e0 l'or\"},{\"@type\":\"BreadcrumbList\",\"@id\":\"https:\\\/\\\/www.gold.fr\\\/news\\\/2013\\\/01\\\/04\\\/la-fed-a-la-rescousse-de-leconomie-us\\\/#breadcrumb\",\"itemListElement\":[{\"@type\":\"ListItem\",\"position\":1,\"name\":\"Accueil\",\"item\":\"https:\\\/\\\/www.gold.fr\\\/\"},{\"@type\":\"ListItem\",\"position\":2,\"name\":\"Actualit\u00e9s\",\"item\":\"https:\\\/\\\/www.gold.fr\\\/news\\\/\"},{\"@type\":\"ListItem\",\"position\":3,\"name\":\"La FED \u00e0 la rescousse de l\u2019\u00e9conomie US\"}]},{\"@type\":\"WebSite\",\"@id\":\"https:\\\/\\\/www.gold.fr\\\/news\\\/#website\",\"url\":\"https:\\\/\\\/www.gold.fr\\\/news\\\/\",\"name\":\"Gold.fr\",\"description\":\"Actualit\u00e9s de l&#039;Or et des m\u00e9taux pr\u00e9cieux\",\"potentialAction\":[{\"@type\":\"SearchAction\",\"target\":{\"@type\":\"EntryPoint\",\"urlTemplate\":\"https:\\\/\\\/www.gold.fr\\\/news\\\/?s={search_term_string}\"},\"query-input\":{\"@type\":\"PropertyValueSpecification\",\"valueRequired\":true,\"valueName\":\"search_term_string\"}}],\"inLanguage\":\"fr-FR\"},{\"@type\":\"Person\",\"@id\":\"https:\\\/\\\/www.gold.fr\\\/news\\\/#\\\/schema\\\/person\\\/070491b4b4fb7671bf59b3be20302ce9\",\"name\":\"Comptoir National de l'Or\",\"image\":{\"@type\":\"ImageObject\",\"inLanguage\":\"fr-FR\",\"@id\":\"https:\\\/\\\/secure.gravatar.com\\\/avatar\\\/0a2867fd5abe37bed95d5a65e9d58f01756e11efc68af9888dfc50cfa7f65948?s=96&d=mm&r=gb490554db0a38188709de567aa58480d\",\"url\":\"https:\\\/\\\/secure.gravatar.com\\\/avatar\\\/0a2867fd5abe37bed95d5a65e9d58f01756e11efc68af9888dfc50cfa7f65948?s=96&d=mm&r=g\",\"contentUrl\":\"https:\\\/\\\/secure.gravatar.com\\\/avatar\\\/0a2867fd5abe37bed95d5a65e9d58f01756e11efc68af9888dfc50cfa7f65948?s=96&d=mm&r=g\",\"caption\":\"Comptoir National de l'Or\"},\"description\":\"Notre r\u00e9daction est constitu\u00e9e de membres experts dans les m\u00e9tiers de l'\u00e9conomie et la gestion, des Responsables d'agence Comptoir National de l'Or, des analystes financiers qui publient r\u00e9guli\u00e8rement des \u00e9tudes sur les politiques des banques centrales, le cours de l'or, prix de l'or, cours de l'argent, prix de l'argent, cours du platine, cours du palladium,... la situation en zone euro et l'impact de la strat\u00e9gie mon\u00e9taire de la FED. Notre \u00e9quipe scrute \u00e9galement une information plus g\u00e9n\u00e9raliste \u00e0 la recherche d'actualit\u00e9 \\\"p\u00e9pite\\\" \u00e0 vous partager. Depuis 5 ans, nous avons publi\u00e9 un peu plus de 4000 articles qui s'adressent \u00e0 un public large et vari\u00e9 ayant pour objectif de satisfaire votre curiosit\u00e9 et de partager avec vous une certaine fascination pour le m\u00e9tal jaune, le rachat d'or, et pour ceux qui veulent investir dans l'or, vendre leur or tout simplement en savoir plus... Pour tous vos achat or et argent, n'h\u00e9sitez pas \u00e0 prendre rendez-vous dans l'un de nos nombreux comptoirs.\",\"sameAs\":[\"https:\\\/\\\/www.gold.fr\"]}]}<\/script>\n<!-- \/ Yoast SEO plugin. -->","yoast_head_json":{"title":"La FED \u00e0 la rescousse de l\u2019\u00e9conomie US - Gold.fr","description":"La FED \u00e0 la rescousse de l'\u00e9conomie US. Suivez le cours de l'or, de l'argent et d'autres m\u00e9taux pr\u00e9cieux sur Gold.fr. Le site d'actualit\u00e9 du Comptoir National de l'Or.","robots":{"index":"index","follow":"follow","max-snippet":"max-snippet:-1","max-image-preview":"max-image-preview:large","max-video-preview":"max-video-preview:-1"},"canonical":"https:\/\/www.gold.fr\/news\/2013\/01\/04\/la-fed-a-la-rescousse-de-leconomie-us\/","og_locale":"fr_FR","og_type":"article","og_title":"La FED \u00e0 la rescousse de l\u2019\u00e9conomie US - Gold.fr","og_description":"La FED \u00e0 la rescousse de l'\u00e9conomie US. Suivez le cours de l'or, de l'argent et d'autres m\u00e9taux pr\u00e9cieux sur Gold.fr. Le site d'actualit\u00e9 du Comptoir National de l'Or.","og_url":"https:\/\/www.gold.fr\/news\/2013\/01\/04\/la-fed-a-la-rescousse-de-leconomie-us\/","og_site_name":"Gold.fr","article_publisher":"https:\/\/www.facebook.com\/Goldfr\/","article_published_time":"2013-01-04T16:00:56+00:00","article_modified_time":"2019-08-08T08:38:36+00:00","og_image":[{"width":600,"height":392,"url":"https:\/\/www.gold.fr\/news\/wp-content\/uploads\/2011\/11\/Lingot-or.jpg","type":"image\/jpeg"}],"author":"Comptoir National de l'Or","twitter_card":"summary_large_image","twitter_misc":{"\u00c9crit par":"Comptoir National de l'Or","Dur\u00e9e de lecture estim\u00e9e":"1 minute"},"schema":{"@context":"https:\/\/schema.org","@graph":[{"@type":"Article","@id":"https:\/\/www.gold.fr\/news\/2013\/01\/04\/la-fed-a-la-rescousse-de-leconomie-us\/#article","isPartOf":{"@id":"https:\/\/www.gold.fr\/news\/2013\/01\/04\/la-fed-a-la-rescousse-de-leconomie-us\/"},"author":{"name":"Comptoir National de l'Or","@id":"https:\/\/www.gold.fr\/news\/#\/schema\/person\/070491b4b4fb7671bf59b3be20302ce9"},"headline":"La FED \u00e0 la rescousse de l\u2019\u00e9conomie US","datePublished":"2013-01-04T16:00:56+00:00","dateModified":"2019-08-08T08:38:36+00:00","mainEntityOfPage":{"@id":"https:\/\/www.gold.fr\/news\/2013\/01\/04\/la-fed-a-la-rescousse-de-leconomie-us\/"},"wordCount":257,"commentCount":0,"image":{"@id":"https:\/\/www.gold.fr\/news\/2013\/01\/04\/la-fed-a-la-rescousse-de-leconomie-us\/#primaryimage"},"thumbnailUrl":"https:\/\/www.gold.fr\/news\/wp-content\/uploads\/2011\/11\/Lingot-or.jpg","keywords":["\u00e9conomie am\u00e9ricaine","fed","usa"],"articleSection":["Articles de presse"],"inLanguage":"fr-FR"},{"@type":"WebPage","@id":"https:\/\/www.gold.fr\/news\/2013\/01\/04\/la-fed-a-la-rescousse-de-leconomie-us\/","url":"https:\/\/www.gold.fr\/news\/2013\/01\/04\/la-fed-a-la-rescousse-de-leconomie-us\/","name":"La FED \u00e0 la rescousse de l\u2019\u00e9conomie US - Gold.fr","isPartOf":{"@id":"https:\/\/www.gold.fr\/news\/#website"},"primaryImageOfPage":{"@id":"https:\/\/www.gold.fr\/news\/2013\/01\/04\/la-fed-a-la-rescousse-de-leconomie-us\/#primaryimage"},"image":{"@id":"https:\/\/www.gold.fr\/news\/2013\/01\/04\/la-fed-a-la-rescousse-de-leconomie-us\/#primaryimage"},"thumbnailUrl":"https:\/\/www.gold.fr\/news\/wp-content\/uploads\/2011\/11\/Lingot-or.jpg","datePublished":"2013-01-04T16:00:56+00:00","dateModified":"2019-08-08T08:38:36+00:00","author":{"@id":"https:\/\/www.gold.fr\/news\/#\/schema\/person\/070491b4b4fb7671bf59b3be20302ce9"},"description":"La FED \u00e0 la rescousse de l'\u00e9conomie US. Suivez le cours de l'or, de l'argent et d'autres m\u00e9taux pr\u00e9cieux sur Gold.fr. Le site d'actualit\u00e9 du Comptoir National de l'Or.","breadcrumb":{"@id":"https:\/\/www.gold.fr\/news\/2013\/01\/04\/la-fed-a-la-rescousse-de-leconomie-us\/#breadcrumb"},"inLanguage":"fr-FR","potentialAction":[{"@type":"ReadAction","target":["https:\/\/www.gold.fr\/news\/2013\/01\/04\/la-fed-a-la-rescousse-de-leconomie-us\/"]}]},{"@type":"ImageObject","inLanguage":"fr-FR","@id":"https:\/\/www.gold.fr\/news\/2013\/01\/04\/la-fed-a-la-rescousse-de-leconomie-us\/#primaryimage","url":"https:\/\/www.gold.fr\/news\/wp-content\/uploads\/2011\/11\/Lingot-or.jpg","contentUrl":"https:\/\/www.gold.fr\/news\/wp-content\/uploads\/2011\/11\/Lingot-or.jpg","width":"600","height":"392","caption":"L'attentisme FED profite \u00e0 l'or"},{"@type":"BreadcrumbList","@id":"https:\/\/www.gold.fr\/news\/2013\/01\/04\/la-fed-a-la-rescousse-de-leconomie-us\/#breadcrumb","itemListElement":[{"@type":"ListItem","position":1,"name":"Accueil","item":"https:\/\/www.gold.fr\/"},{"@type":"ListItem","position":2,"name":"Actualit\u00e9s","item":"https:\/\/www.gold.fr\/news\/"},{"@type":"ListItem","position":3,"name":"La FED \u00e0 la rescousse de l\u2019\u00e9conomie US"}]},{"@type":"WebSite","@id":"https:\/\/www.gold.fr\/news\/#website","url":"https:\/\/www.gold.fr\/news\/","name":"Gold.fr","description":"Actualit\u00e9s de l&#039;Or et des m\u00e9taux pr\u00e9cieux","potentialAction":[{"@type":"SearchAction","target":{"@type":"EntryPoint","urlTemplate":"https:\/\/www.gold.fr\/news\/?s={search_term_string}"},"query-input":{"@type":"PropertyValueSpecification","valueRequired":true,"valueName":"search_term_string"}}],"inLanguage":"fr-FR"},{"@type":"Person","@id":"https:\/\/www.gold.fr\/news\/#\/schema\/person\/070491b4b4fb7671bf59b3be20302ce9","name":"Comptoir National de l'Or","image":{"@type":"ImageObject","inLanguage":"fr-FR","@id":"https:\/\/secure.gravatar.com\/avatar\/0a2867fd5abe37bed95d5a65e9d58f01756e11efc68af9888dfc50cfa7f65948?s=96&d=mm&r=gb490554db0a38188709de567aa58480d","url":"https:\/\/secure.gravatar.com\/avatar\/0a2867fd5abe37bed95d5a65e9d58f01756e11efc68af9888dfc50cfa7f65948?s=96&d=mm&r=g","contentUrl":"https:\/\/secure.gravatar.com\/avatar\/0a2867fd5abe37bed95d5a65e9d58f01756e11efc68af9888dfc50cfa7f65948?s=96&d=mm&r=g","caption":"Comptoir National de l'Or"},"description":"Notre r\u00e9daction est constitu\u00e9e de membres experts dans les m\u00e9tiers de l'\u00e9conomie et la gestion, des Responsables d'agence Comptoir National de l'Or, des analystes financiers qui publient r\u00e9guli\u00e8rement des \u00e9tudes sur les politiques des banques centrales, le cours de l'or, prix de l'or, cours de l'argent, prix de l'argent, cours du platine, cours du palladium,... la situation en zone euro et l'impact de la strat\u00e9gie mon\u00e9taire de la FED. Notre \u00e9quipe scrute \u00e9galement une information plus g\u00e9n\u00e9raliste \u00e0 la recherche d'actualit\u00e9 \"p\u00e9pite\" \u00e0 vous partager. Depuis 5 ans, nous avons publi\u00e9 un peu plus de 4000 articles qui s'adressent \u00e0 un public large et vari\u00e9 ayant pour objectif de satisfaire votre curiosit\u00e9 et de partager avec vous une certaine fascination pour le m\u00e9tal jaune, le rachat d'or, et pour ceux qui veulent investir dans l'or, vendre leur or tout simplement en savoir plus... Pour tous vos achat or et argent, n'h\u00e9sitez pas \u00e0 prendre rendez-vous dans l'un de nos nombreux comptoirs.","sameAs":["https:\/\/www.gold.fr"]}]}},"authors":[{"term_id":2565,"user_id":18,"is_guest":0,"slug":"julie","display_name":"Comptoir National de l'Or","avatar_url":"https:\/\/secure.gravatar.com\/avatar\/713f289e398d35ead876c4a4cc08607f0d6d266058cfc25683fffb6092d0e572?s=96&d=mm&r=g","0":null,"1":"","2":"","3":"","4":"","5":"","6":"","7":"","8":""}],"_links":{"self":[{"href":"https:\/\/www.gold.fr\/news\/wp-json\/wp\/v2\/posts\/10370","targetHints":{"allow":["GET"]}}],"collection":[{"href":"https:\/\/www.gold.fr\/news\/wp-json\/wp\/v2\/posts"}],"about":[{"href":"https:\/\/www.gold.fr\/news\/wp-json\/wp\/v2\/types\/post"}],"author":[{"embeddable":true,"href":"https:\/\/www.gold.fr\/news\/wp-json\/wp\/v2\/users\/18"}],"replies":[{"embeddable":true,"href":"https:\/\/www.gold.fr\/news\/wp-json\/wp\/v2\/comments?post=10370"}],"version-history":[{"count":0,"href":"https:\/\/www.gold.fr\/news\/wp-json\/wp\/v2\/posts\/10370\/revisions"}],"wp:featuredmedia":[{"embeddable":true,"href":"https:\/\/www.gold.fr\/news\/wp-json\/wp\/v2\/media\/3998"}],"wp:attachment":[{"href":"https:\/\/www.gold.fr\/news\/wp-json\/wp\/v2\/media?parent=10370"}],"wp:term":[{"taxonomy":"category","embeddable":true,"href":"https:\/\/www.gold.fr\/news\/wp-json\/wp\/v2\/categories?post=10370"},{"taxonomy":"post_tag","embeddable":true,"href":"https:\/\/www.gold.fr\/news\/wp-json\/wp\/v2\/tags?post=10370"},{"taxonomy":"author","embeddable":true,"href":"https:\/\/www.gold.fr\/news\/wp-json\/wp\/v2\/ppma_author?post=10370"}],"curies":[{"name":"wp","href":"https:\/\/api.w.org\/{rel}","templated":true}]}}