{"id":10368,"date":"2013-01-04T09:00:21","date_gmt":"2013-01-04T08:00:21","guid":{"rendered":"https:\/\/www.gold.fr\/news\/?p=10368"},"modified":"2017-11-02T11:34:37","modified_gmt":"2017-11-02T10:34:37","slug":"lor-champion-national-et-mondial","status":"publish","type":"post","link":"https:\/\/www.gold.fr\/news\/2013\/01\/04\/lor-champion-national-et-mondial\/","title":{"rendered":"L\u2019or \u2013 Champion national et mondial"},"content":{"rendered":"<p><span style=\"font-size: small;\"><img loading=\"lazy\" decoding=\"async\" class=\"alignleft size-thumbnail wp-image-3004\" title=\"L\u2019or \u2013 Champion national et mondial\" src=\"https:\/\/www.gold.fr\/news\/wp-content\/uploads\/2011\/10\/Nouvelle-vague-de-corrections-pour-l\u2019or-\u2013-Les-raisons-150x150.jpg\" alt=\"\" width=\"150\" height=\"150\" \/>Quant on sait que la valorisation du <a href='https:\/\/www.gold.fr\/news\/tags\/or' class='esk-seo-plu-link'>m\u00e9tal jaune<\/a> demeure sa seule source de performance, il est \u00e9tonnant de constater que sa valeur, en <strong>2012<\/strong>, avait pourtant largement d\u00e9pass\u00e9 celle d&rsquo;un produit classique.<\/span>    <span style=\"font-size: small;\">Plus impressionnant encore ; la relique barbare a vu <a title=\"Prix de l'Or\" href=\"https:\/\/www.gold.fr\/cours-prix-de-l-or\/\" target=\"_blank\">son prix<\/a> doubler en <strong>5 ans<\/strong> et <strong>quintupler en 11 ans<\/strong>. De quoi faire taire les rares pessimistes qui \u00e9voquent un \u00ab <em>performance morose<\/em> \u00bb. <a title=\"Performances de l\u2019or \u2013 Bilan de 12 ann\u00e9es de succ\u00e8s\" href=\"https:\/\/www.gold.fr\/news\/2013\/01\/03\/performances-de-lor-bilan-de-12-annees-de-succes\/10361\/\" target=\"_blank\">En 12 ann\u00e9es de succ\u00e8s<\/a>, le <a href='https:\/\/www.gold.fr\/news\/tags\/or' class='esk-seo-plu-link'>m\u00e9tal jaune<\/a> n&rsquo;a jamais cess\u00e9 d&rsquo;\u00eatre un placement qui fait figure de valeur refuge aux yeux des investisseurs, qu&rsquo;ils soient particuliers ou professionnels. Un r\u00f4le qui justifie largement les attentes que la relique barbare suscite, notamment durant les p\u00e9riodes o\u00f9 les fondamentaux de l&rsquo;\u00e9conomie stagnent.<\/span>    <span style=\"font-size: small;\">En France, et d&rsquo;apr\u00e8s une r\u00e9cente \u00e9tude effectu\u00e9e par l&rsquo;<strong>IFOP<\/strong>, <a title=\"L\u2019or : La valeur montante en France\" href=\"https:\/\/www.gold.fr\/news\/2013\/01\/01\/lor-la-valeur-montante-en-france\/10348\/\" target=\"_blank\">l\u2019or a gagn\u00e9 un sacr\u00e9 terrain<\/a> sur les produits classiques d&rsquo;investissement (immobilier, investissement bancaire, assurance vie\u2026). Ainsi, plus de <strong>27%<\/strong> des Fran\u00e7ais placent le <a href='https:\/\/www.gold.fr\/news\/tags\/or' class='esk-seo-plu-link'>m\u00e9tal jaune<\/a> en t\u00eate de leurs placements favoris.<\/span>    <span style=\"font-size: small;\">Cet engouement fran\u00e7ais vient rejoindre une passion internationale pour l&rsquo;<a href='https:\/\/www.gold.fr\/news\/tags\/or' class='esk-seo-plu-link'>or<\/a>. Le fait est confirm\u00e9 par <strong>Philippe Crevel<\/strong> (sp\u00e9cialiste des questions macro\u00e9conomiques, des questions relatives \u00e0 l&rsquo;\u00e9pargne et \u00e0 la retraite) qui pr\u00e9voit que \u00ab <em>pour l&rsquo;ann\u00e9e 2013, il existe globalement une marge d&rsquo;appr\u00e9ciation autour de <strong>300 dollars<\/strong> sur l&rsquo;<a href='https:\/\/www.gold.fr\/news\/tags\/or' class='esk-seo-plu-link'>or<\/a>. L&rsquo;ann\u00e9e <strong>2013<\/strong> pourrait \u00eatre assez porteuse en raison des incertitudes politiques qui risquent de perdurer en Europe tandis que le &lsquo;<strong>fiscal cliff<\/strong>&lsquo; s&rsquo;annonce outre-Atlantique. Ces \u00e9l\u00e9ments pourraient entra\u00eener une hausse du cours autour de <strong>2.000 dollars<\/strong> en <strong>2013<\/strong><\/em> \u00bb.<\/span><\/p>\n<!-- AddThis Advanced Settings generic via filter on the_content --><!-- AddThis Share Buttons generic via filter on the_content -->","protected":false},"excerpt":{"rendered":"<p>Quant on sait que la valorisation du m\u00e9tal jaune demeure sa seule source de performance, il est \u00e9tonnant de constater que sa valeur, en 2012, avait pourtant largement d\u00e9pass\u00e9 celle d&rsquo;un produit classique. Plus impressionnant encore [&hellip;]<\/p>\n","protected":false},"author":18,"featured_media":3004,"comment_status":"open","ping_status":"open","sticky":false,"template":"","format":"standard","meta":{"_mbp_gutenberg_autopost":false,"_pgmb_is_evergreen":false,"_pgmb_ap_template_id":0,"footnotes":""},"categories":[6],"tags":[120,76,1056,1057],"ppma_author":[2565],"class_list":["post-10368","post","type-post","status-publish","format-standard","has-post-thumbnail","hentry","category-articles-de-presse","tag-hausse-de-lor","tag-or","tag-or-champion","tag-or-en-france"],"yoast_head":"<!-- This site is optimized with the Yoast SEO plugin v27.5 - https:\/\/yoast.com\/product\/yoast-seo-wordpress\/ -->\n<title>L\u2019or \u2013 Champion national et mondial - Gold.fr<\/title>\n<meta name=\"robots\" content=\"index, follow, max-snippet:-1, max-image-preview:large, max-video-preview:-1\" \/>\n<link rel=\"canonical\" href=\"https:\/\/www.gold.fr\/news\/2013\/01\/04\/lor-champion-national-et-mondial\/\" \/>\n<meta property=\"og:locale\" content=\"fr_FR\" \/>\n<meta property=\"og:type\" content=\"article\" \/>\n<meta property=\"og:title\" content=\"L\u2019or \u2013 Champion national et mondial - Gold.fr\" \/>\n<meta property=\"og:description\" content=\"Quant on sait que la valorisation du m\u00e9tal jaune demeure sa seule source de performance, il est \u00e9tonnant de constater que sa valeur, en 2012, avait pourtant largement d\u00e9pass\u00e9 celle d&rsquo;un produit classique. Plus impressionnant encore [&hellip;]\" \/>\n<meta property=\"og:url\" content=\"https:\/\/www.gold.fr\/news\/2013\/01\/04\/lor-champion-national-et-mondial\/\" \/>\n<meta property=\"og:site_name\" content=\"Gold.fr\" \/>\n<meta property=\"article:publisher\" content=\"https:\/\/www.facebook.com\/Goldfr\/\" \/>\n<meta property=\"article:published_time\" content=\"2013-01-04T08:00:21+00:00\" \/>\n<meta property=\"article:modified_time\" content=\"2017-11-02T10:34:37+00:00\" \/>\n<meta property=\"og:image\" content=\"https:\/\/www.gold.fr\/news\/wp-content\/uploads\/2011\/10\/Nouvelle-vague-de-corrections-pour-l\u2019or-\u2013-Les-raisons-e1319461616153.jpg\" \/>\n\t<meta property=\"og:image:width\" content=\"600\" \/>\n\t<meta property=\"og:image:height\" content=\"475\" \/>\n\t<meta property=\"og:image:type\" content=\"image\/jpeg\" \/>\n<meta name=\"author\" content=\"Comptoir National de l&#039;Or\" \/>\n<meta name=\"twitter:card\" content=\"summary_large_image\" \/>\n<meta name=\"twitter:label1\" content=\"\u00c9crit par\" \/>\n\t<meta name=\"twitter:data1\" content=\"Comptoir National de l&#039;Or\" \/>\n\t<meta name=\"twitter:label2\" content=\"Dur\u00e9e de lecture estim\u00e9e\" \/>\n\t<meta name=\"twitter:data2\" content=\"1 minute\" \/>\n<script type=\"application\/ld+json\" class=\"yoast-schema-graph\">{\"@context\":\"https:\\\/\\\/schema.org\",\"@graph\":[{\"@type\":\"Article\",\"@id\":\"https:\\\/\\\/www.gold.fr\\\/news\\\/2013\\\/01\\\/04\\\/lor-champion-national-et-mondial\\\/#article\",\"isPartOf\":{\"@id\":\"https:\\\/\\\/www.gold.fr\\\/news\\\/2013\\\/01\\\/04\\\/lor-champion-national-et-mondial\\\/\"},\"author\":{\"name\":\"Comptoir National de l'Or\",\"@id\":\"https:\\\/\\\/www.gold.fr\\\/news\\\/#\\\/schema\\\/person\\\/070491b4b4fb7671bf59b3be20302ce9\"},\"headline\":\"L\u2019or \u2013 Champion national et mondial\",\"datePublished\":\"2013-01-04T08:00:21+00:00\",\"dateModified\":\"2017-11-02T10:34:37+00:00\",\"mainEntityOfPage\":{\"@id\":\"https:\\\/\\\/www.gold.fr\\\/news\\\/2013\\\/01\\\/04\\\/lor-champion-national-et-mondial\\\/\"},\"wordCount\":275,\"commentCount\":0,\"image\":{\"@id\":\"https:\\\/\\\/www.gold.fr\\\/news\\\/2013\\\/01\\\/04\\\/lor-champion-national-et-mondial\\\/#primaryimage\"},\"thumbnailUrl\":\"https:\\\/\\\/www.gold.fr\\\/news\\\/wp-content\\\/uploads\\\/2011\\\/10\\\/Nouvelle-vague-de-corrections-pour-l\u2019or-\u2013-Les-raisons-e1319461616153.jpg\",\"keywords\":[\"hausse de l'or\",\"Or\",\"or champion\",\"or en france\"],\"articleSection\":[\"Articles de presse\"],\"inLanguage\":\"fr-FR\"},{\"@type\":\"WebPage\",\"@id\":\"https:\\\/\\\/www.gold.fr\\\/news\\\/2013\\\/01\\\/04\\\/lor-champion-national-et-mondial\\\/\",\"url\":\"https:\\\/\\\/www.gold.fr\\\/news\\\/2013\\\/01\\\/04\\\/lor-champion-national-et-mondial\\\/\",\"name\":\"L\u2019or \u2013 Champion national et mondial - Gold.fr\",\"isPartOf\":{\"@id\":\"https:\\\/\\\/www.gold.fr\\\/news\\\/#website\"},\"primaryImageOfPage\":{\"@id\":\"https:\\\/\\\/www.gold.fr\\\/news\\\/2013\\\/01\\\/04\\\/lor-champion-national-et-mondial\\\/#primaryimage\"},\"image\":{\"@id\":\"https:\\\/\\\/www.gold.fr\\\/news\\\/2013\\\/01\\\/04\\\/lor-champion-national-et-mondial\\\/#primaryimage\"},\"thumbnailUrl\":\"https:\\\/\\\/www.gold.fr\\\/news\\\/wp-content\\\/uploads\\\/2011\\\/10\\\/Nouvelle-vague-de-corrections-pour-l\u2019or-\u2013-Les-raisons-e1319461616153.jpg\",\"datePublished\":\"2013-01-04T08:00:21+00:00\",\"dateModified\":\"2017-11-02T10:34:37+00:00\",\"author\":{\"@id\":\"https:\\\/\\\/www.gold.fr\\\/news\\\/#\\\/schema\\\/person\\\/070491b4b4fb7671bf59b3be20302ce9\"},\"breadcrumb\":{\"@id\":\"https:\\\/\\\/www.gold.fr\\\/news\\\/2013\\\/01\\\/04\\\/lor-champion-national-et-mondial\\\/#breadcrumb\"},\"inLanguage\":\"fr-FR\",\"potentialAction\":[{\"@type\":\"ReadAction\",\"target\":[\"https:\\\/\\\/www.gold.fr\\\/news\\\/2013\\\/01\\\/04\\\/lor-champion-national-et-mondial\\\/\"]}]},{\"@type\":\"ImageObject\",\"inLanguage\":\"fr-FR\",\"@id\":\"https:\\\/\\\/www.gold.fr\\\/news\\\/2013\\\/01\\\/04\\\/lor-champion-national-et-mondial\\\/#primaryimage\",\"url\":\"https:\\\/\\\/www.gold.fr\\\/news\\\/wp-content\\\/uploads\\\/2011\\\/10\\\/Nouvelle-vague-de-corrections-pour-l\u2019or-\u2013-Les-raisons-e1319461616153.jpg\",\"contentUrl\":\"https:\\\/\\\/www.gold.fr\\\/news\\\/wp-content\\\/uploads\\\/2011\\\/10\\\/Nouvelle-vague-de-corrections-pour-l\u2019or-\u2013-Les-raisons-e1319461616153.jpg\",\"width\":\"600\",\"height\":\"475\",\"caption\":\"KINTSUGI : De l\u2019or pour glorifier la beaut\u00e9 des fissures\"},{\"@type\":\"BreadcrumbList\",\"@id\":\"https:\\\/\\\/www.gold.fr\\\/news\\\/2013\\\/01\\\/04\\\/lor-champion-national-et-mondial\\\/#breadcrumb\",\"itemListElement\":[{\"@type\":\"ListItem\",\"position\":1,\"name\":\"Accueil\",\"item\":\"https:\\\/\\\/www.gold.fr\\\/\"},{\"@type\":\"ListItem\",\"position\":2,\"name\":\"Actualit\u00e9s\",\"item\":\"https:\\\/\\\/www.gold.fr\\\/news\\\/\"},{\"@type\":\"ListItem\",\"position\":3,\"name\":\"L\u2019or \u2013 Champion national et mondial\"}]},{\"@type\":\"WebSite\",\"@id\":\"https:\\\/\\\/www.gold.fr\\\/news\\\/#website\",\"url\":\"https:\\\/\\\/www.gold.fr\\\/news\\\/\",\"name\":\"Gold.fr\",\"description\":\"Actualit\u00e9s de l&#039;Or et des m\u00e9taux pr\u00e9cieux\",\"potentialAction\":[{\"@type\":\"SearchAction\",\"target\":{\"@type\":\"EntryPoint\",\"urlTemplate\":\"https:\\\/\\\/www.gold.fr\\\/news\\\/?s={search_term_string}\"},\"query-input\":{\"@type\":\"PropertyValueSpecification\",\"valueRequired\":true,\"valueName\":\"search_term_string\"}}],\"inLanguage\":\"fr-FR\"},{\"@type\":\"Person\",\"@id\":\"https:\\\/\\\/www.gold.fr\\\/news\\\/#\\\/schema\\\/person\\\/070491b4b4fb7671bf59b3be20302ce9\",\"name\":\"Comptoir National de l'Or\",\"image\":{\"@type\":\"ImageObject\",\"inLanguage\":\"fr-FR\",\"@id\":\"https:\\\/\\\/secure.gravatar.com\\\/avatar\\\/0a2867fd5abe37bed95d5a65e9d58f01756e11efc68af9888dfc50cfa7f65948?s=96&d=mm&r=gb490554db0a38188709de567aa58480d\",\"url\":\"https:\\\/\\\/secure.gravatar.com\\\/avatar\\\/0a2867fd5abe37bed95d5a65e9d58f01756e11efc68af9888dfc50cfa7f65948?s=96&d=mm&r=g\",\"contentUrl\":\"https:\\\/\\\/secure.gravatar.com\\\/avatar\\\/0a2867fd5abe37bed95d5a65e9d58f01756e11efc68af9888dfc50cfa7f65948?s=96&d=mm&r=g\",\"caption\":\"Comptoir National de l'Or\"},\"description\":\"Notre r\u00e9daction est constitu\u00e9e de membres experts dans les m\u00e9tiers de l'\u00e9conomie et la gestion, des Responsables d'agence Comptoir National de l'Or, des analystes financiers qui publient r\u00e9guli\u00e8rement des \u00e9tudes sur les politiques des banques centrales, le cours de l'or, prix de l'or, cours de l'argent, prix de l'argent, cours du platine, cours du palladium,... la situation en zone euro et l'impact de la strat\u00e9gie mon\u00e9taire de la FED. Notre \u00e9quipe scrute \u00e9galement une information plus g\u00e9n\u00e9raliste \u00e0 la recherche d'actualit\u00e9 \\\"p\u00e9pite\\\" \u00e0 vous partager. Depuis 5 ans, nous avons publi\u00e9 un peu plus de 4000 articles qui s'adressent \u00e0 un public large et vari\u00e9 ayant pour objectif de satisfaire votre curiosit\u00e9 et de partager avec vous une certaine fascination pour le m\u00e9tal jaune, le rachat d'or, et pour ceux qui veulent investir dans l'or, vendre leur or tout simplement en savoir plus... Pour tous vos achat or et argent, n'h\u00e9sitez pas \u00e0 prendre rendez-vous dans l'un de nos nombreux comptoirs.\",\"sameAs\":[\"https:\\\/\\\/www.gold.fr\"]}]}<\/script>\n<!-- \/ Yoast SEO plugin. -->","yoast_head_json":{"title":"L\u2019or \u2013 Champion national et mondial - Gold.fr","robots":{"index":"index","follow":"follow","max-snippet":"max-snippet:-1","max-image-preview":"max-image-preview:large","max-video-preview":"max-video-preview:-1"},"canonical":"https:\/\/www.gold.fr\/news\/2013\/01\/04\/lor-champion-national-et-mondial\/","og_locale":"fr_FR","og_type":"article","og_title":"L\u2019or \u2013 Champion national et mondial - Gold.fr","og_description":"Quant on sait que la valorisation du m\u00e9tal jaune demeure sa seule source de performance, il est \u00e9tonnant de constater que sa valeur, en 2012, avait pourtant largement d\u00e9pass\u00e9 celle d&rsquo;un produit classique. Plus impressionnant encore [&hellip;]","og_url":"https:\/\/www.gold.fr\/news\/2013\/01\/04\/lor-champion-national-et-mondial\/","og_site_name":"Gold.fr","article_publisher":"https:\/\/www.facebook.com\/Goldfr\/","article_published_time":"2013-01-04T08:00:21+00:00","article_modified_time":"2017-11-02T10:34:37+00:00","og_image":[{"width":600,"height":475,"url":"https:\/\/www.gold.fr\/news\/wp-content\/uploads\/2011\/10\/Nouvelle-vague-de-corrections-pour-l\u2019or-\u2013-Les-raisons-e1319461616153.jpg","type":"image\/jpeg"}],"author":"Comptoir National de l'Or","twitter_card":"summary_large_image","twitter_misc":{"\u00c9crit par":"Comptoir National de l'Or","Dur\u00e9e de lecture estim\u00e9e":"1 minute"},"schema":{"@context":"https:\/\/schema.org","@graph":[{"@type":"Article","@id":"https:\/\/www.gold.fr\/news\/2013\/01\/04\/lor-champion-national-et-mondial\/#article","isPartOf":{"@id":"https:\/\/www.gold.fr\/news\/2013\/01\/04\/lor-champion-national-et-mondial\/"},"author":{"name":"Comptoir National de l'Or","@id":"https:\/\/www.gold.fr\/news\/#\/schema\/person\/070491b4b4fb7671bf59b3be20302ce9"},"headline":"L\u2019or \u2013 Champion national et mondial","datePublished":"2013-01-04T08:00:21+00:00","dateModified":"2017-11-02T10:34:37+00:00","mainEntityOfPage":{"@id":"https:\/\/www.gold.fr\/news\/2013\/01\/04\/lor-champion-national-et-mondial\/"},"wordCount":275,"commentCount":0,"image":{"@id":"https:\/\/www.gold.fr\/news\/2013\/01\/04\/lor-champion-national-et-mondial\/#primaryimage"},"thumbnailUrl":"https:\/\/www.gold.fr\/news\/wp-content\/uploads\/2011\/10\/Nouvelle-vague-de-corrections-pour-l\u2019or-\u2013-Les-raisons-e1319461616153.jpg","keywords":["hausse de l'or","Or","or champion","or en france"],"articleSection":["Articles de presse"],"inLanguage":"fr-FR"},{"@type":"WebPage","@id":"https:\/\/www.gold.fr\/news\/2013\/01\/04\/lor-champion-national-et-mondial\/","url":"https:\/\/www.gold.fr\/news\/2013\/01\/04\/lor-champion-national-et-mondial\/","name":"L\u2019or \u2013 Champion national et mondial - Gold.fr","isPartOf":{"@id":"https:\/\/www.gold.fr\/news\/#website"},"primaryImageOfPage":{"@id":"https:\/\/www.gold.fr\/news\/2013\/01\/04\/lor-champion-national-et-mondial\/#primaryimage"},"image":{"@id":"https:\/\/www.gold.fr\/news\/2013\/01\/04\/lor-champion-national-et-mondial\/#primaryimage"},"thumbnailUrl":"https:\/\/www.gold.fr\/news\/wp-content\/uploads\/2011\/10\/Nouvelle-vague-de-corrections-pour-l\u2019or-\u2013-Les-raisons-e1319461616153.jpg","datePublished":"2013-01-04T08:00:21+00:00","dateModified":"2017-11-02T10:34:37+00:00","author":{"@id":"https:\/\/www.gold.fr\/news\/#\/schema\/person\/070491b4b4fb7671bf59b3be20302ce9"},"breadcrumb":{"@id":"https:\/\/www.gold.fr\/news\/2013\/01\/04\/lor-champion-national-et-mondial\/#breadcrumb"},"inLanguage":"fr-FR","potentialAction":[{"@type":"ReadAction","target":["https:\/\/www.gold.fr\/news\/2013\/01\/04\/lor-champion-national-et-mondial\/"]}]},{"@type":"ImageObject","inLanguage":"fr-FR","@id":"https:\/\/www.gold.fr\/news\/2013\/01\/04\/lor-champion-national-et-mondial\/#primaryimage","url":"https:\/\/www.gold.fr\/news\/wp-content\/uploads\/2011\/10\/Nouvelle-vague-de-corrections-pour-l\u2019or-\u2013-Les-raisons-e1319461616153.jpg","contentUrl":"https:\/\/www.gold.fr\/news\/wp-content\/uploads\/2011\/10\/Nouvelle-vague-de-corrections-pour-l\u2019or-\u2013-Les-raisons-e1319461616153.jpg","width":"600","height":"475","caption":"KINTSUGI : De l\u2019or pour glorifier la beaut\u00e9 des fissures"},{"@type":"BreadcrumbList","@id":"https:\/\/www.gold.fr\/news\/2013\/01\/04\/lor-champion-national-et-mondial\/#breadcrumb","itemListElement":[{"@type":"ListItem","position":1,"name":"Accueil","item":"https:\/\/www.gold.fr\/"},{"@type":"ListItem","position":2,"name":"Actualit\u00e9s","item":"https:\/\/www.gold.fr\/news\/"},{"@type":"ListItem","position":3,"name":"L\u2019or \u2013 Champion national et mondial"}]},{"@type":"WebSite","@id":"https:\/\/www.gold.fr\/news\/#website","url":"https:\/\/www.gold.fr\/news\/","name":"Gold.fr","description":"Actualit\u00e9s de l&#039;Or et des m\u00e9taux pr\u00e9cieux","potentialAction":[{"@type":"SearchAction","target":{"@type":"EntryPoint","urlTemplate":"https:\/\/www.gold.fr\/news\/?s={search_term_string}"},"query-input":{"@type":"PropertyValueSpecification","valueRequired":true,"valueName":"search_term_string"}}],"inLanguage":"fr-FR"},{"@type":"Person","@id":"https:\/\/www.gold.fr\/news\/#\/schema\/person\/070491b4b4fb7671bf59b3be20302ce9","name":"Comptoir National de l'Or","image":{"@type":"ImageObject","inLanguage":"fr-FR","@id":"https:\/\/secure.gravatar.com\/avatar\/0a2867fd5abe37bed95d5a65e9d58f01756e11efc68af9888dfc50cfa7f65948?s=96&d=mm&r=gb490554db0a38188709de567aa58480d","url":"https:\/\/secure.gravatar.com\/avatar\/0a2867fd5abe37bed95d5a65e9d58f01756e11efc68af9888dfc50cfa7f65948?s=96&d=mm&r=g","contentUrl":"https:\/\/secure.gravatar.com\/avatar\/0a2867fd5abe37bed95d5a65e9d58f01756e11efc68af9888dfc50cfa7f65948?s=96&d=mm&r=g","caption":"Comptoir National de l'Or"},"description":"Notre r\u00e9daction est constitu\u00e9e de membres experts dans les m\u00e9tiers de l'\u00e9conomie et la gestion, des Responsables d'agence Comptoir National de l'Or, des analystes financiers qui publient r\u00e9guli\u00e8rement des \u00e9tudes sur les politiques des banques centrales, le cours de l'or, prix de l'or, cours de l'argent, prix de l'argent, cours du platine, cours du palladium,... la situation en zone euro et l'impact de la strat\u00e9gie mon\u00e9taire de la FED. Notre \u00e9quipe scrute \u00e9galement une information plus g\u00e9n\u00e9raliste \u00e0 la recherche d'actualit\u00e9 \"p\u00e9pite\" \u00e0 vous partager. Depuis 5 ans, nous avons publi\u00e9 un peu plus de 4000 articles qui s'adressent \u00e0 un public large et vari\u00e9 ayant pour objectif de satisfaire votre curiosit\u00e9 et de partager avec vous une certaine fascination pour le m\u00e9tal jaune, le rachat d'or, et pour ceux qui veulent investir dans l'or, vendre leur or tout simplement en savoir plus... Pour tous vos achat or et argent, n'h\u00e9sitez pas \u00e0 prendre rendez-vous dans l'un de nos nombreux comptoirs.","sameAs":["https:\/\/www.gold.fr"]}]}},"authors":[{"term_id":2565,"user_id":18,"is_guest":0,"slug":"julie","display_name":"Comptoir National de l'Or","avatar_url":"https:\/\/secure.gravatar.com\/avatar\/713f289e398d35ead876c4a4cc08607f0d6d266058cfc25683fffb6092d0e572?s=96&d=mm&r=g","0":null,"1":"","2":"","3":"","4":"","5":"","6":"","7":"","8":""}],"_links":{"self":[{"href":"https:\/\/www.gold.fr\/news\/wp-json\/wp\/v2\/posts\/10368","targetHints":{"allow":["GET"]}}],"collection":[{"href":"https:\/\/www.gold.fr\/news\/wp-json\/wp\/v2\/posts"}],"about":[{"href":"https:\/\/www.gold.fr\/news\/wp-json\/wp\/v2\/types\/post"}],"author":[{"embeddable":true,"href":"https:\/\/www.gold.fr\/news\/wp-json\/wp\/v2\/users\/18"}],"replies":[{"embeddable":true,"href":"https:\/\/www.gold.fr\/news\/wp-json\/wp\/v2\/comments?post=10368"}],"version-history":[{"count":0,"href":"https:\/\/www.gold.fr\/news\/wp-json\/wp\/v2\/posts\/10368\/revisions"}],"wp:featuredmedia":[{"embeddable":true,"href":"https:\/\/www.gold.fr\/news\/wp-json\/wp\/v2\/media\/3004"}],"wp:attachment":[{"href":"https:\/\/www.gold.fr\/news\/wp-json\/wp\/v2\/media?parent=10368"}],"wp:term":[{"taxonomy":"category","embeddable":true,"href":"https:\/\/www.gold.fr\/news\/wp-json\/wp\/v2\/categories?post=10368"},{"taxonomy":"post_tag","embeddable":true,"href":"https:\/\/www.gold.fr\/news\/wp-json\/wp\/v2\/tags?post=10368"},{"taxonomy":"author","embeddable":true,"href":"https:\/\/www.gold.fr\/news\/wp-json\/wp\/v2\/ppma_author?post=10368"}],"curies":[{"name":"wp","href":"https:\/\/api.w.org\/{rel}","templated":true}]}}