{"id":10363,"date":"2013-01-03T17:00:21","date_gmt":"2013-01-03T16:00:21","guid":{"rendered":"https:\/\/www.gold.fr\/news\/?p=10363"},"modified":"2017-11-02T11:34:38","modified_gmt":"2017-11-02T10:34:38","slug":"or-en-2013-previsions-des-experts","status":"publish","type":"post","link":"https:\/\/www.gold.fr\/news\/2013\/01\/03\/or-en-2013-previsions-des-experts\/","title":{"rendered":"Or en 2013 \u2013 Pr\u00e9visions des experts"},"content":{"rendered":"<p><span style=\"font-size: small;\"><img loading=\"lazy\" decoding=\"async\" class=\"alignleft size-thumbnail wp-image-2944\" title=\"Or en 2013 \u2013 Pr\u00e9visions des experts\" src=\"https:\/\/www.gold.fr\/news\/wp-content\/uploads\/2011\/10\/euro-or-150x150.jpg\" alt=\"\" width=\"150\" height=\"150\" \/>Les perspectives d&rsquo;avenir de l&rsquo;<a href='https:\/\/www.gold.fr\/news\/tags\/or' class='esk-seo-plu-link'>or<\/a> ? Ce sont les professionnels aguerris du secteur de l&rsquo;investissement et des placements qui en parlent le mieux.<\/span>    <span style=\"font-size: small;\">Les premiers \u00e0 s&rsquo;enthousiasmer pour le <a href='https:\/\/www.gold.fr\/news\/tags\/or' class='esk-seo-plu-link'>m\u00e9tal jaune<\/a> sont les g\u00e9rants des soci\u00e9t\u00e9s de gestion, pour qui l&rsquo;<a href='https:\/\/www.gold.fr\/news\/tags\/or' class='esk-seo-plu-link'>or<\/a> demeure un solide placement d&rsquo;avenir. <strong>Christophe Donay<\/strong>, responsable de l&rsquo;allocation d&rsquo;actifs et de la recherche macro\u00e9conomique de <strong>Pictet<\/strong> (banque priv\u00e9e suisse) le confirme : \u00ab <em>Nous conservons de l&rsquo;<a href='https:\/\/www.gold.fr\/news\/tags\/or' class='esk-seo-plu-link'>or<\/a> physique dans notre portefeuille. Cet actif poursuit <a title=\"L\u2019or : La valeur montante en France\" href=\"https:\/\/www.gold.fr\/news\/2013\/01\/01\/lor-la-valeur-montante-en-france\/10348\/\" target=\"_blank\">une tendance haussi\u00e8re<\/a> sous l&rsquo;effet des politiques mon\u00e9taires et des assouplissements quantitatifs des banques centrales<\/em> \u00bb.<\/span>    <span style=\"font-size: small;\">De son c\u00f4t\u00e9, <strong>Andrea Tu\u00e9ni<\/strong> (de chez <strong>Saxo Banque<\/strong>) s&rsquo;attend \u00e0 une ann\u00e9e <strong>2013<\/strong> \u00ab <em>coup\u00e9e en deux<\/em> \u00bb o\u00f9 \u00ab <em>nous pourrions revenir sur des niveaux de l&rsquo;ordre de 1.550 dollars <a title=\"Prix de l'Once d'Or\" href=\"https:\/\/www.gold.fr\/once-en\/\" target=\"_blank\">l&rsquo;once<\/a> car le potentiel \u00e0 la baisse n&rsquo;est pas encore termin\u00e9<\/em> \u00bb, elle ajoute que l&rsquo;\u00ab <em>on pourrait donc avoir \u00e0 court terme un affaissement du <a href='https:\/\/www.gold.fr\/news\/tags\/or' class='esk-seo-plu-link'>m\u00e9tal jaune<\/a>. Cependant l&rsquo;<a href='https:\/\/www.gold.fr\/news\/tags\/or' class='esk-seo-plu-link'>or<\/a> devrait rester soutenu par le contexte \u00e9conomique mondial et un retour sur les sommets de 2011 ou les plus hauts de 2012 n&rsquo;est pas \u00e0 exclure.<\/em> \u00bb<\/span>    <span style=\"font-size: small;\">Dans l&rsquo;ensemble, la totalit\u00e9 des experts du milieu s&rsquo;accordent \u00e0 affirmer que d\u00e9tenir du <a href='https:\/\/www.gold.fr\/news\/tags\/or' class='esk-seo-plu-link'>m\u00e9tal jaune<\/a>, \u00e0 hauteur de <strong>5<\/strong> \u00e0 <strong>10 %<\/strong> de son portefeuille (que vous soyez particulier ou professionnel), demeure un must. Sous quelle forme ? Et bien cela d\u00e9pendra essentiellement de vos go\u00fbts et\/ou besoins !<\/span><\/p>\n<!-- AddThis Advanced Settings generic via filter on the_content --><!-- AddThis Share Buttons generic via filter on the_content -->","protected":false},"excerpt":{"rendered":"<p>Les perspectives d&rsquo;avenir de l&rsquo;or ? Ce sont les professionnels aguerris du secteur de l&rsquo;investissement et des placements qui en parlent le mieux. Les premiers \u00e0 s&rsquo;enthousiasmer pour le m\u00e9tal jaune sont les g\u00e9rants des soci\u00e9t\u00e9s [&hellip;]<\/p>\n","protected":false},"author":18,"featured_media":2944,"comment_status":"open","ping_status":"open","sticky":false,"template":"","format":"standard","meta":{"_mbp_gutenberg_autopost":false,"_pgmb_is_evergreen":false,"_pgmb_ap_template_id":0,"footnotes":""},"categories":[6],"tags":[1055,1044,1051],"ppma_author":[2565],"class_list":["post-10363","post","type-post","status-publish","format-standard","has-post-thumbnail","hentry","category-articles-de-presse","tag-experts","tag-or-2013","tag-previsions"],"yoast_head":"<!-- This site is optimized with the Yoast SEO plugin v27.5 - https:\/\/yoast.com\/product\/yoast-seo-wordpress\/ -->\n<title>Or en 2013 \u2013 Pr\u00e9visions des experts - Gold.fr<\/title>\n<meta name=\"robots\" content=\"index, follow, max-snippet:-1, max-image-preview:large, max-video-preview:-1\" \/>\n<link rel=\"canonical\" href=\"https:\/\/www.gold.fr\/news\/2013\/01\/03\/or-en-2013-previsions-des-experts\/\" \/>\n<meta property=\"og:locale\" content=\"fr_FR\" \/>\n<meta property=\"og:type\" content=\"article\" \/>\n<meta property=\"og:title\" content=\"Or en 2013 \u2013 Pr\u00e9visions des experts - Gold.fr\" \/>\n<meta property=\"og:description\" content=\"Les perspectives d&rsquo;avenir de l&rsquo;or ? Ce sont les professionnels aguerris du secteur de l&rsquo;investissement et des placements qui en parlent le mieux. Les premiers \u00e0 s&rsquo;enthousiasmer pour le m\u00e9tal jaune sont les g\u00e9rants des soci\u00e9t\u00e9s [&hellip;]\" \/>\n<meta property=\"og:url\" content=\"https:\/\/www.gold.fr\/news\/2013\/01\/03\/or-en-2013-previsions-des-experts\/\" \/>\n<meta property=\"og:site_name\" content=\"Gold.fr\" \/>\n<meta property=\"article:publisher\" content=\"https:\/\/www.facebook.com\/Goldfr\/\" \/>\n<meta property=\"article:published_time\" content=\"2013-01-03T16:00:21+00:00\" \/>\n<meta property=\"article:modified_time\" content=\"2017-11-02T10:34:38+00:00\" \/>\n<meta property=\"og:image\" content=\"https:\/\/www.gold.fr\/news\/wp-content\/uploads\/2011\/10\/euro-or.jpg\" \/>\n\t<meta property=\"og:image:width\" content=\"600\" \/>\n\t<meta property=\"og:image:height\" content=\"489\" \/>\n\t<meta property=\"og:image:type\" content=\"image\/jpeg\" \/>\n<meta name=\"author\" content=\"Comptoir National de l&#039;Or\" \/>\n<meta name=\"twitter:card\" content=\"summary_large_image\" \/>\n<meta name=\"twitter:label1\" content=\"\u00c9crit par\" \/>\n\t<meta name=\"twitter:data1\" content=\"Comptoir National de l&#039;Or\" \/>\n\t<meta name=\"twitter:label2\" content=\"Dur\u00e9e de lecture estim\u00e9e\" \/>\n\t<meta name=\"twitter:data2\" content=\"1 minute\" \/>\n<script type=\"application\/ld+json\" class=\"yoast-schema-graph\">{\"@context\":\"https:\\\/\\\/schema.org\",\"@graph\":[{\"@type\":\"Article\",\"@id\":\"https:\\\/\\\/www.gold.fr\\\/news\\\/2013\\\/01\\\/03\\\/or-en-2013-previsions-des-experts\\\/#article\",\"isPartOf\":{\"@id\":\"https:\\\/\\\/www.gold.fr\\\/news\\\/2013\\\/01\\\/03\\\/or-en-2013-previsions-des-experts\\\/\"},\"author\":{\"name\":\"Comptoir National de l'Or\",\"@id\":\"https:\\\/\\\/www.gold.fr\\\/news\\\/#\\\/schema\\\/person\\\/070491b4b4fb7671bf59b3be20302ce9\"},\"headline\":\"Or en 2013 \u2013 Pr\u00e9visions des experts\",\"datePublished\":\"2013-01-03T16:00:21+00:00\",\"dateModified\":\"2017-11-02T10:34:38+00:00\",\"mainEntityOfPage\":{\"@id\":\"https:\\\/\\\/www.gold.fr\\\/news\\\/2013\\\/01\\\/03\\\/or-en-2013-previsions-des-experts\\\/\"},\"wordCount\":248,\"commentCount\":0,\"image\":{\"@id\":\"https:\\\/\\\/www.gold.fr\\\/news\\\/2013\\\/01\\\/03\\\/or-en-2013-previsions-des-experts\\\/#primaryimage\"},\"thumbnailUrl\":\"https:\\\/\\\/www.gold.fr\\\/news\\\/wp-content\\\/uploads\\\/2011\\\/10\\\/euro-or.jpg\",\"keywords\":[\"experts\",\"Or 2013\",\"pr\u00e9visions\"],\"articleSection\":[\"Articles de presse\"],\"inLanguage\":\"fr-FR\"},{\"@type\":\"WebPage\",\"@id\":\"https:\\\/\\\/www.gold.fr\\\/news\\\/2013\\\/01\\\/03\\\/or-en-2013-previsions-des-experts\\\/\",\"url\":\"https:\\\/\\\/www.gold.fr\\\/news\\\/2013\\\/01\\\/03\\\/or-en-2013-previsions-des-experts\\\/\",\"name\":\"Or en 2013 \u2013 Pr\u00e9visions des experts - Gold.fr\",\"isPartOf\":{\"@id\":\"https:\\\/\\\/www.gold.fr\\\/news\\\/#website\"},\"primaryImageOfPage\":{\"@id\":\"https:\\\/\\\/www.gold.fr\\\/news\\\/2013\\\/01\\\/03\\\/or-en-2013-previsions-des-experts\\\/#primaryimage\"},\"image\":{\"@id\":\"https:\\\/\\\/www.gold.fr\\\/news\\\/2013\\\/01\\\/03\\\/or-en-2013-previsions-des-experts\\\/#primaryimage\"},\"thumbnailUrl\":\"https:\\\/\\\/www.gold.fr\\\/news\\\/wp-content\\\/uploads\\\/2011\\\/10\\\/euro-or.jpg\",\"datePublished\":\"2013-01-03T16:00:21+00:00\",\"dateModified\":\"2017-11-02T10:34:38+00:00\",\"author\":{\"@id\":\"https:\\\/\\\/www.gold.fr\\\/news\\\/#\\\/schema\\\/person\\\/070491b4b4fb7671bf59b3be20302ce9\"},\"breadcrumb\":{\"@id\":\"https:\\\/\\\/www.gold.fr\\\/news\\\/2013\\\/01\\\/03\\\/or-en-2013-previsions-des-experts\\\/#breadcrumb\"},\"inLanguage\":\"fr-FR\",\"potentialAction\":[{\"@type\":\"ReadAction\",\"target\":[\"https:\\\/\\\/www.gold.fr\\\/news\\\/2013\\\/01\\\/03\\\/or-en-2013-previsions-des-experts\\\/\"]}]},{\"@type\":\"ImageObject\",\"inLanguage\":\"fr-FR\",\"@id\":\"https:\\\/\\\/www.gold.fr\\\/news\\\/2013\\\/01\\\/03\\\/or-en-2013-previsions-des-experts\\\/#primaryimage\",\"url\":\"https:\\\/\\\/www.gold.fr\\\/news\\\/wp-content\\\/uploads\\\/2011\\\/10\\\/euro-or.jpg\",\"contentUrl\":\"https:\\\/\\\/www.gold.fr\\\/news\\\/wp-content\\\/uploads\\\/2011\\\/10\\\/euro-or.jpg\",\"width\":\"600\",\"height\":\"489\",\"caption\":\"L'or stabilise, l'issue juridique de l'OMT en vue\"},{\"@type\":\"BreadcrumbList\",\"@id\":\"https:\\\/\\\/www.gold.fr\\\/news\\\/2013\\\/01\\\/03\\\/or-en-2013-previsions-des-experts\\\/#breadcrumb\",\"itemListElement\":[{\"@type\":\"ListItem\",\"position\":1,\"name\":\"Accueil\",\"item\":\"https:\\\/\\\/www.gold.fr\\\/\"},{\"@type\":\"ListItem\",\"position\":2,\"name\":\"Actualit\u00e9s\",\"item\":\"https:\\\/\\\/www.gold.fr\\\/news\\\/\"},{\"@type\":\"ListItem\",\"position\":3,\"name\":\"Or en 2013 \u2013 Pr\u00e9visions des experts\"}]},{\"@type\":\"WebSite\",\"@id\":\"https:\\\/\\\/www.gold.fr\\\/news\\\/#website\",\"url\":\"https:\\\/\\\/www.gold.fr\\\/news\\\/\",\"name\":\"Gold.fr\",\"description\":\"Actualit\u00e9s de l&#039;Or et des m\u00e9taux pr\u00e9cieux\",\"potentialAction\":[{\"@type\":\"SearchAction\",\"target\":{\"@type\":\"EntryPoint\",\"urlTemplate\":\"https:\\\/\\\/www.gold.fr\\\/news\\\/?s={search_term_string}\"},\"query-input\":{\"@type\":\"PropertyValueSpecification\",\"valueRequired\":true,\"valueName\":\"search_term_string\"}}],\"inLanguage\":\"fr-FR\"},{\"@type\":\"Person\",\"@id\":\"https:\\\/\\\/www.gold.fr\\\/news\\\/#\\\/schema\\\/person\\\/070491b4b4fb7671bf59b3be20302ce9\",\"name\":\"Comptoir National de l'Or\",\"image\":{\"@type\":\"ImageObject\",\"inLanguage\":\"fr-FR\",\"@id\":\"https:\\\/\\\/secure.gravatar.com\\\/avatar\\\/0a2867fd5abe37bed95d5a65e9d58f01756e11efc68af9888dfc50cfa7f65948?s=96&d=mm&r=gb490554db0a38188709de567aa58480d\",\"url\":\"https:\\\/\\\/secure.gravatar.com\\\/avatar\\\/0a2867fd5abe37bed95d5a65e9d58f01756e11efc68af9888dfc50cfa7f65948?s=96&d=mm&r=g\",\"contentUrl\":\"https:\\\/\\\/secure.gravatar.com\\\/avatar\\\/0a2867fd5abe37bed95d5a65e9d58f01756e11efc68af9888dfc50cfa7f65948?s=96&d=mm&r=g\",\"caption\":\"Comptoir National de l'Or\"},\"description\":\"Notre r\u00e9daction est constitu\u00e9e de membres experts dans les m\u00e9tiers de l'\u00e9conomie et la gestion, des Responsables d'agence Comptoir National de l'Or, des analystes financiers qui publient r\u00e9guli\u00e8rement des \u00e9tudes sur les politiques des banques centrales, le cours de l'or, prix de l'or, cours de l'argent, prix de l'argent, cours du platine, cours du palladium,... la situation en zone euro et l'impact de la strat\u00e9gie mon\u00e9taire de la FED. Notre \u00e9quipe scrute \u00e9galement une information plus g\u00e9n\u00e9raliste \u00e0 la recherche d'actualit\u00e9 \\\"p\u00e9pite\\\" \u00e0 vous partager. Depuis 5 ans, nous avons publi\u00e9 un peu plus de 4000 articles qui s'adressent \u00e0 un public large et vari\u00e9 ayant pour objectif de satisfaire votre curiosit\u00e9 et de partager avec vous une certaine fascination pour le m\u00e9tal jaune, le rachat d'or, et pour ceux qui veulent investir dans l'or, vendre leur or tout simplement en savoir plus... Pour tous vos achat or et argent, n'h\u00e9sitez pas \u00e0 prendre rendez-vous dans l'un de nos nombreux comptoirs.\",\"sameAs\":[\"https:\\\/\\\/www.gold.fr\"]}]}<\/script>\n<!-- \/ Yoast SEO plugin. -->","yoast_head_json":{"title":"Or en 2013 \u2013 Pr\u00e9visions des experts - Gold.fr","robots":{"index":"index","follow":"follow","max-snippet":"max-snippet:-1","max-image-preview":"max-image-preview:large","max-video-preview":"max-video-preview:-1"},"canonical":"https:\/\/www.gold.fr\/news\/2013\/01\/03\/or-en-2013-previsions-des-experts\/","og_locale":"fr_FR","og_type":"article","og_title":"Or en 2013 \u2013 Pr\u00e9visions des experts - Gold.fr","og_description":"Les perspectives d&rsquo;avenir de l&rsquo;or ? Ce sont les professionnels aguerris du secteur de l&rsquo;investissement et des placements qui en parlent le mieux. Les premiers \u00e0 s&rsquo;enthousiasmer pour le m\u00e9tal jaune sont les g\u00e9rants des soci\u00e9t\u00e9s [&hellip;]","og_url":"https:\/\/www.gold.fr\/news\/2013\/01\/03\/or-en-2013-previsions-des-experts\/","og_site_name":"Gold.fr","article_publisher":"https:\/\/www.facebook.com\/Goldfr\/","article_published_time":"2013-01-03T16:00:21+00:00","article_modified_time":"2017-11-02T10:34:38+00:00","og_image":[{"width":600,"height":489,"url":"https:\/\/www.gold.fr\/news\/wp-content\/uploads\/2011\/10\/euro-or.jpg","type":"image\/jpeg"}],"author":"Comptoir National de l'Or","twitter_card":"summary_large_image","twitter_misc":{"\u00c9crit par":"Comptoir National de l'Or","Dur\u00e9e de lecture estim\u00e9e":"1 minute"},"schema":{"@context":"https:\/\/schema.org","@graph":[{"@type":"Article","@id":"https:\/\/www.gold.fr\/news\/2013\/01\/03\/or-en-2013-previsions-des-experts\/#article","isPartOf":{"@id":"https:\/\/www.gold.fr\/news\/2013\/01\/03\/or-en-2013-previsions-des-experts\/"},"author":{"name":"Comptoir National de l'Or","@id":"https:\/\/www.gold.fr\/news\/#\/schema\/person\/070491b4b4fb7671bf59b3be20302ce9"},"headline":"Or en 2013 \u2013 Pr\u00e9visions des experts","datePublished":"2013-01-03T16:00:21+00:00","dateModified":"2017-11-02T10:34:38+00:00","mainEntityOfPage":{"@id":"https:\/\/www.gold.fr\/news\/2013\/01\/03\/or-en-2013-previsions-des-experts\/"},"wordCount":248,"commentCount":0,"image":{"@id":"https:\/\/www.gold.fr\/news\/2013\/01\/03\/or-en-2013-previsions-des-experts\/#primaryimage"},"thumbnailUrl":"https:\/\/www.gold.fr\/news\/wp-content\/uploads\/2011\/10\/euro-or.jpg","keywords":["experts","Or 2013","pr\u00e9visions"],"articleSection":["Articles de presse"],"inLanguage":"fr-FR"},{"@type":"WebPage","@id":"https:\/\/www.gold.fr\/news\/2013\/01\/03\/or-en-2013-previsions-des-experts\/","url":"https:\/\/www.gold.fr\/news\/2013\/01\/03\/or-en-2013-previsions-des-experts\/","name":"Or en 2013 \u2013 Pr\u00e9visions des experts - Gold.fr","isPartOf":{"@id":"https:\/\/www.gold.fr\/news\/#website"},"primaryImageOfPage":{"@id":"https:\/\/www.gold.fr\/news\/2013\/01\/03\/or-en-2013-previsions-des-experts\/#primaryimage"},"image":{"@id":"https:\/\/www.gold.fr\/news\/2013\/01\/03\/or-en-2013-previsions-des-experts\/#primaryimage"},"thumbnailUrl":"https:\/\/www.gold.fr\/news\/wp-content\/uploads\/2011\/10\/euro-or.jpg","datePublished":"2013-01-03T16:00:21+00:00","dateModified":"2017-11-02T10:34:38+00:00","author":{"@id":"https:\/\/www.gold.fr\/news\/#\/schema\/person\/070491b4b4fb7671bf59b3be20302ce9"},"breadcrumb":{"@id":"https:\/\/www.gold.fr\/news\/2013\/01\/03\/or-en-2013-previsions-des-experts\/#breadcrumb"},"inLanguage":"fr-FR","potentialAction":[{"@type":"ReadAction","target":["https:\/\/www.gold.fr\/news\/2013\/01\/03\/or-en-2013-previsions-des-experts\/"]}]},{"@type":"ImageObject","inLanguage":"fr-FR","@id":"https:\/\/www.gold.fr\/news\/2013\/01\/03\/or-en-2013-previsions-des-experts\/#primaryimage","url":"https:\/\/www.gold.fr\/news\/wp-content\/uploads\/2011\/10\/euro-or.jpg","contentUrl":"https:\/\/www.gold.fr\/news\/wp-content\/uploads\/2011\/10\/euro-or.jpg","width":"600","height":"489","caption":"L'or stabilise, l'issue juridique de l'OMT en vue"},{"@type":"BreadcrumbList","@id":"https:\/\/www.gold.fr\/news\/2013\/01\/03\/or-en-2013-previsions-des-experts\/#breadcrumb","itemListElement":[{"@type":"ListItem","position":1,"name":"Accueil","item":"https:\/\/www.gold.fr\/"},{"@type":"ListItem","position":2,"name":"Actualit\u00e9s","item":"https:\/\/www.gold.fr\/news\/"},{"@type":"ListItem","position":3,"name":"Or en 2013 \u2013 Pr\u00e9visions des experts"}]},{"@type":"WebSite","@id":"https:\/\/www.gold.fr\/news\/#website","url":"https:\/\/www.gold.fr\/news\/","name":"Gold.fr","description":"Actualit\u00e9s de l&#039;Or et des m\u00e9taux pr\u00e9cieux","potentialAction":[{"@type":"SearchAction","target":{"@type":"EntryPoint","urlTemplate":"https:\/\/www.gold.fr\/news\/?s={search_term_string}"},"query-input":{"@type":"PropertyValueSpecification","valueRequired":true,"valueName":"search_term_string"}}],"inLanguage":"fr-FR"},{"@type":"Person","@id":"https:\/\/www.gold.fr\/news\/#\/schema\/person\/070491b4b4fb7671bf59b3be20302ce9","name":"Comptoir National de l'Or","image":{"@type":"ImageObject","inLanguage":"fr-FR","@id":"https:\/\/secure.gravatar.com\/avatar\/0a2867fd5abe37bed95d5a65e9d58f01756e11efc68af9888dfc50cfa7f65948?s=96&d=mm&r=gb490554db0a38188709de567aa58480d","url":"https:\/\/secure.gravatar.com\/avatar\/0a2867fd5abe37bed95d5a65e9d58f01756e11efc68af9888dfc50cfa7f65948?s=96&d=mm&r=g","contentUrl":"https:\/\/secure.gravatar.com\/avatar\/0a2867fd5abe37bed95d5a65e9d58f01756e11efc68af9888dfc50cfa7f65948?s=96&d=mm&r=g","caption":"Comptoir National de l'Or"},"description":"Notre r\u00e9daction est constitu\u00e9e de membres experts dans les m\u00e9tiers de l'\u00e9conomie et la gestion, des Responsables d'agence Comptoir National de l'Or, des analystes financiers qui publient r\u00e9guli\u00e8rement des \u00e9tudes sur les politiques des banques centrales, le cours de l'or, prix de l'or, cours de l'argent, prix de l'argent, cours du platine, cours du palladium,... la situation en zone euro et l'impact de la strat\u00e9gie mon\u00e9taire de la FED. Notre \u00e9quipe scrute \u00e9galement une information plus g\u00e9n\u00e9raliste \u00e0 la recherche d'actualit\u00e9 \"p\u00e9pite\" \u00e0 vous partager. Depuis 5 ans, nous avons publi\u00e9 un peu plus de 4000 articles qui s'adressent \u00e0 un public large et vari\u00e9 ayant pour objectif de satisfaire votre curiosit\u00e9 et de partager avec vous une certaine fascination pour le m\u00e9tal jaune, le rachat d'or, et pour ceux qui veulent investir dans l'or, vendre leur or tout simplement en savoir plus... Pour tous vos achat or et argent, n'h\u00e9sitez pas \u00e0 prendre rendez-vous dans l'un de nos nombreux comptoirs.","sameAs":["https:\/\/www.gold.fr"]}]}},"authors":[{"term_id":2565,"user_id":18,"is_guest":0,"slug":"julie","display_name":"Comptoir National de l'Or","avatar_url":"https:\/\/secure.gravatar.com\/avatar\/713f289e398d35ead876c4a4cc08607f0d6d266058cfc25683fffb6092d0e572?s=96&d=mm&r=g","0":null,"1":"","2":"","3":"","4":"","5":"","6":"","7":"","8":""}],"_links":{"self":[{"href":"https:\/\/www.gold.fr\/news\/wp-json\/wp\/v2\/posts\/10363","targetHints":{"allow":["GET"]}}],"collection":[{"href":"https:\/\/www.gold.fr\/news\/wp-json\/wp\/v2\/posts"}],"about":[{"href":"https:\/\/www.gold.fr\/news\/wp-json\/wp\/v2\/types\/post"}],"author":[{"embeddable":true,"href":"https:\/\/www.gold.fr\/news\/wp-json\/wp\/v2\/users\/18"}],"replies":[{"embeddable":true,"href":"https:\/\/www.gold.fr\/news\/wp-json\/wp\/v2\/comments?post=10363"}],"version-history":[{"count":0,"href":"https:\/\/www.gold.fr\/news\/wp-json\/wp\/v2\/posts\/10363\/revisions"}],"wp:featuredmedia":[{"embeddable":true,"href":"https:\/\/www.gold.fr\/news\/wp-json\/wp\/v2\/media\/2944"}],"wp:attachment":[{"href":"https:\/\/www.gold.fr\/news\/wp-json\/wp\/v2\/media?parent=10363"}],"wp:term":[{"taxonomy":"category","embeddable":true,"href":"https:\/\/www.gold.fr\/news\/wp-json\/wp\/v2\/categories?post=10363"},{"taxonomy":"post_tag","embeddable":true,"href":"https:\/\/www.gold.fr\/news\/wp-json\/wp\/v2\/tags?post=10363"},{"taxonomy":"author","embeddable":true,"href":"https:\/\/www.gold.fr\/news\/wp-json\/wp\/v2\/ppma_author?post=10363"}],"curies":[{"name":"wp","href":"https:\/\/api.w.org\/{rel}","templated":true}]}}