{"id":10324,"date":"2012-12-28T17:00:01","date_gmt":"2012-12-28T16:00:01","guid":{"rendered":"https:\/\/www.gold.fr\/news\/?p=10324"},"modified":"2020-12-08T11:25:01","modified_gmt":"2020-12-08T10:25:01","slug":"perspectives-du-marche-aurifere-pour-2013","status":"publish","type":"post","link":"https:\/\/www.gold.fr\/news\/2012\/12\/28\/perspectives-du-marche-aurifere-pour-2013\/","title":{"rendered":"Perspectives du march\u00e9 aurif\u00e8re pour 2013"},"content":{"rendered":"<p><span style=\"font-size: small;\"><img loading=\"lazy\" decoding=\"async\" class=\"alignleft size-thumbnail wp-image-8176\" title=\"Perspectives du march\u00e9 aurif\u00e8re pour 2013\" src=\"https:\/\/www.gold.fr\/news\/wp-content\/uploads\/2012\/06\/march\u00e9s-de-lor-150x150.jpg\" alt=\"\" width=\"150\" height=\"150\" srcset=\"https:\/\/www.gold.fr\/news\/wp-content\/uploads\/2012\/06\/march\u00e9s-de-lor-150x150.jpg 150w, https:\/\/www.gold.fr\/news\/wp-content\/uploads\/2012\/06\/march\u00e9s-de-lor-80x80.jpg 80w, https:\/\/www.gold.fr\/news\/wp-content\/uploads\/2012\/06\/march\u00e9s-de-lor-1x1.jpg 1w\" sizes=\"auto, (max-width: 150px) 100vw, 150px\" \/>Si on en croit les pr\u00e9visions de fin d&rsquo;ann\u00e9e des analystes professionnels, <a title=\"Or en 2013 \u2013 Pourquoi parier sur sa valeur ?\" href=\"https:\/\/www.gold.fr\/news\/2012\/12\/27\/or-en-2013-pourquoi-parier-sur-sa-valeur\/10320\/\" target=\"_blank\" rel=\"noopener noreferrer\">l\u2019ann\u00e9e <strong>2013<\/strong> sera celle de l\u2019or<\/a> par excellence, avec de <a title=\"Or et records \u2013 Le m\u00e9tal jaune sur tous les fronts\" href=\"https:\/\/www.gold.fr\/news\/2012\/10\/16\/or-et-records-le-metal-jaune-sur-tous-les-fronts\/9543\/\" target=\"_blank\" rel=\"noopener noreferrer\">nouveaux records battus<\/a>, d\u00e8s le deuxi\u00e8me trimestre de la nouvelle ann\u00e9e.<\/span> <span style=\"font-size: small;\">En tout cas, <strong>Andrea Tu\u00e9ni<\/strong> maintient des pr\u00e9visions nettement haussi\u00e8res. L&rsquo;analyste experte de <strong>Saxo Banque<\/strong>, sp\u00e9cialis\u00e9e dans le march\u00e9 des mati\u00e8res premi\u00e8res, anticipe une ann\u00e9e <strong>2013<\/strong> toute en sommets. Elle d\u00e9clare : \u00ab <em>M\u00eame s&rsquo;il est toujours difficile de pr\u00e9voir les variations futures du <a title=\"Prix de l'Or\" href=\"https:\/\/www.gold.fr\/cours-prix-de-l-or\/\" target=\"_blank\" rel=\"noopener noreferrer\">cours de l&rsquo;or<\/a>, je vois une ann\u00e9e <strong>2013<\/strong> coup\u00e9e en deux. Nous pourrions ainsi revenir sur des niveaux de l&rsquo;ordre de <strong>1.550 dollars<\/strong> <a title=\"Prix de l'Once d'Or\" href=\"https:\/\/www.gold.fr\/once-en\/\" target=\"_blank\" rel=\"noopener noreferrer\">l&rsquo;once<\/a> car le potentiel \u00e0 la baisse n&rsquo;est pas encore termin\u00e9. On pourrait donc avoir \u00e0 court terme un affaissement du <a class=\"esk-seo-plu-link\" href=\"https:\/\/www.gold.fr\/news\/tags\/or\">m\u00e9tal jaune<\/a>. Cependant, l&rsquo;<a class=\"esk-seo-plu-link\" href=\"https:\/\/www.gold.fr\/news\/tags\/or\">or<\/a> devrait rester soutenu par le contexte \u00e9conomique mondial et un retour sur les sommets de 2011 ou les plus hauts de 2012 n&rsquo;est pas \u00e0 exclure<\/em> \u00bb.<\/span> <span style=\"font-size: small;\">L&rsquo;analyste d\u00e9fend d&rsquo;ailleurs son point de vue en assurant que, m\u00eame durant <a title=\"Une correction impos\u00e9e par l\u2019ind\u00e9cision des march\u00e9s\" href=\"https:\/\/www.gold.fr\/news\/2012\/12\/24\/une-correction-imposee-par-lindecision-des-marches\/10302\/\" target=\"_blank\" rel=\"noopener noreferrer\">les phases de stagnation<\/a>, le <a class=\"esk-seo-plu-link\" href=\"https:\/\/www.gold.fr\/news\/tags\/or\">m\u00e9tal jaune<\/a> a su se stabiliser dans un \u00e9quilibre stabilis\u00e9 qu&rsquo;il n&rsquo;a pas non plus bris\u00e9 \u00e0 la baisse. \u00ab <em>Et le potentiel haussier du <a class=\"esk-seo-plu-link\" href=\"https:\/\/www.gold.fr\/news\/tags\/cours-de-lor\">cours de l&rsquo;or<\/a> n&rsquo;est pas du tout \u00e0 remettre en question. Nous n&rsquo;avons pas encore r\u00e9gl\u00e9 tous les maux de nos \u00e9conomies. A moyen et long terme, l&rsquo;<a class=\"esk-seo-plu-link\" href=\"https:\/\/www.gold.fr\/news\/tags\/or\">or<\/a> restera une valeur refuge. Il faut donc rester vigilant, car en cas de correction plus importante, il pourrait \u00eatre int\u00e9ressant de se replacer \u00e0 <a title=\"Acheter de l'Or\" href=\"https:\/\/www.gold.fr\/achat-or\/\" target=\"_blank\" rel=\"noopener noreferrer\">l&rsquo;achat sur l&rsquo;or<\/a><\/em> \u00bb, insiste-t-elle.<\/span><\/p>\n<!-- AddThis Advanced Settings generic via filter on the_content --><!-- AddThis Share Buttons generic via filter on the_content -->","protected":false},"excerpt":{"rendered":"<p>Si on en croit les pr\u00e9visions de fin d&rsquo;ann\u00e9e des analystes professionnels, l\u2019ann\u00e9e 2013 sera celle de l\u2019or par excellence, avec de nouveaux records battus, d\u00e8s le deuxi\u00e8me trimestre de la nouvelle ann\u00e9e. En tout cas, [&hellip;]<\/p>\n","protected":false},"author":18,"featured_media":6061,"comment_status":"closed","ping_status":"closed","sticky":false,"template":"","format":"standard","meta":{"_mbp_gutenberg_autopost":false,"_pgmb_is_evergreen":false,"_pgmb_ap_template_id":0,"footnotes":""},"categories":[6],"tags":[1047,95,1044,84],"ppma_author":[2565],"class_list":["post-10324","post","type-post","status-publish","format-standard","has-post-thumbnail","hentry","category-articles-de-presse","tag-marche-aurifere","tag-marche-de-lor","tag-or-2013","tag-cours-de-lor"],"yoast_head":"<!-- This site is optimized with the Yoast SEO plugin v27.5 - https:\/\/yoast.com\/product\/yoast-seo-wordpress\/ -->\n<title>Perspectives du march\u00e9 aurif\u00e8re pour 2013 - Gold.fr<\/title>\n<meta name=\"robots\" content=\"index, follow, max-snippet:-1, max-image-preview:large, max-video-preview:-1\" \/>\n<link rel=\"canonical\" href=\"https:\/\/www.gold.fr\/news\/2012\/12\/28\/perspectives-du-marche-aurifere-pour-2013\/\" \/>\n<meta property=\"og:locale\" content=\"fr_FR\" \/>\n<meta property=\"og:type\" content=\"article\" \/>\n<meta property=\"og:title\" content=\"Perspectives du march\u00e9 aurif\u00e8re pour 2013 - Gold.fr\" \/>\n<meta property=\"og:description\" content=\"Si on en croit les pr\u00e9visions de fin d&rsquo;ann\u00e9e des analystes professionnels, l\u2019ann\u00e9e 2013 sera celle de l\u2019or par excellence, avec de nouveaux records battus, d\u00e8s le deuxi\u00e8me trimestre de la nouvelle ann\u00e9e. En tout cas, [&hellip;]\" \/>\n<meta property=\"og:url\" content=\"https:\/\/www.gold.fr\/news\/2012\/12\/28\/perspectives-du-marche-aurifere-pour-2013\/\" \/>\n<meta property=\"og:site_name\" content=\"Gold.fr\" \/>\n<meta property=\"article:publisher\" content=\"https:\/\/www.facebook.com\/Goldfr\/\" \/>\n<meta property=\"article:published_time\" content=\"2012-12-28T16:00:01+00:00\" \/>\n<meta property=\"article:modified_time\" content=\"2020-12-08T10:25:01+00:00\" \/>\n<meta property=\"og:image\" content=\"https:\/\/www.gold.fr\/news\/wp-content\/uploads\/2012\/02\/cours-de-lOr.jpg\" \/>\n\t<meta property=\"og:image:width\" content=\"600\" \/>\n\t<meta property=\"og:image:height\" content=\"450\" \/>\n\t<meta property=\"og:image:type\" content=\"image\/jpeg\" \/>\n<meta name=\"author\" content=\"Comptoir National de l&#039;Or\" \/>\n<meta name=\"twitter:card\" content=\"summary_large_image\" \/>\n<meta name=\"twitter:label1\" content=\"\u00c9crit par\" \/>\n\t<meta name=\"twitter:data1\" content=\"Comptoir National de l&#039;Or\" \/>\n\t<meta name=\"twitter:label2\" content=\"Dur\u00e9e de lecture estim\u00e9e\" \/>\n\t<meta name=\"twitter:data2\" content=\"1 minute\" \/>\n<script type=\"application\/ld+json\" class=\"yoast-schema-graph\">{\"@context\":\"https:\\\/\\\/schema.org\",\"@graph\":[{\"@type\":\"Article\",\"@id\":\"https:\\\/\\\/www.gold.fr\\\/news\\\/2012\\\/12\\\/28\\\/perspectives-du-marche-aurifere-pour-2013\\\/#article\",\"isPartOf\":{\"@id\":\"https:\\\/\\\/www.gold.fr\\\/news\\\/2012\\\/12\\\/28\\\/perspectives-du-marche-aurifere-pour-2013\\\/\"},\"author\":{\"name\":\"Comptoir National de l'Or\",\"@id\":\"https:\\\/\\\/www.gold.fr\\\/news\\\/#\\\/schema\\\/person\\\/070491b4b4fb7671bf59b3be20302ce9\"},\"headline\":\"Perspectives du march\u00e9 aurif\u00e8re pour 2013\",\"datePublished\":\"2012-12-28T16:00:01+00:00\",\"dateModified\":\"2020-12-08T10:25:01+00:00\",\"mainEntityOfPage\":{\"@id\":\"https:\\\/\\\/www.gold.fr\\\/news\\\/2012\\\/12\\\/28\\\/perspectives-du-marche-aurifere-pour-2013\\\/\"},\"wordCount\":286,\"image\":{\"@id\":\"https:\\\/\\\/www.gold.fr\\\/news\\\/2012\\\/12\\\/28\\\/perspectives-du-marche-aurifere-pour-2013\\\/#primaryimage\"},\"thumbnailUrl\":\"https:\\\/\\\/www.gold.fr\\\/news\\\/wp-content\\\/uploads\\\/2012\\\/02\\\/cours-de-lOr.jpg\",\"keywords\":[\"march\u00e9 aurif\u00e8re\",\"march\u00e9 de l'or\",\"Or 2013\",\"Tout Cours de l'Or\"],\"articleSection\":[\"Articles de presse\"],\"inLanguage\":\"fr-FR\"},{\"@type\":\"WebPage\",\"@id\":\"https:\\\/\\\/www.gold.fr\\\/news\\\/2012\\\/12\\\/28\\\/perspectives-du-marche-aurifere-pour-2013\\\/\",\"url\":\"https:\\\/\\\/www.gold.fr\\\/news\\\/2012\\\/12\\\/28\\\/perspectives-du-marche-aurifere-pour-2013\\\/\",\"name\":\"Perspectives du march\u00e9 aurif\u00e8re pour 2013 - Gold.fr\",\"isPartOf\":{\"@id\":\"https:\\\/\\\/www.gold.fr\\\/news\\\/#website\"},\"primaryImageOfPage\":{\"@id\":\"https:\\\/\\\/www.gold.fr\\\/news\\\/2012\\\/12\\\/28\\\/perspectives-du-marche-aurifere-pour-2013\\\/#primaryimage\"},\"image\":{\"@id\":\"https:\\\/\\\/www.gold.fr\\\/news\\\/2012\\\/12\\\/28\\\/perspectives-du-marche-aurifere-pour-2013\\\/#primaryimage\"},\"thumbnailUrl\":\"https:\\\/\\\/www.gold.fr\\\/news\\\/wp-content\\\/uploads\\\/2012\\\/02\\\/cours-de-lOr.jpg\",\"datePublished\":\"2012-12-28T16:00:01+00:00\",\"dateModified\":\"2020-12-08T10:25:01+00:00\",\"author\":{\"@id\":\"https:\\\/\\\/www.gold.fr\\\/news\\\/#\\\/schema\\\/person\\\/070491b4b4fb7671bf59b3be20302ce9\"},\"breadcrumb\":{\"@id\":\"https:\\\/\\\/www.gold.fr\\\/news\\\/2012\\\/12\\\/28\\\/perspectives-du-marche-aurifere-pour-2013\\\/#breadcrumb\"},\"inLanguage\":\"fr-FR\",\"potentialAction\":[{\"@type\":\"ReadAction\",\"target\":[\"https:\\\/\\\/www.gold.fr\\\/news\\\/2012\\\/12\\\/28\\\/perspectives-du-marche-aurifere-pour-2013\\\/\"]}]},{\"@type\":\"ImageObject\",\"inLanguage\":\"fr-FR\",\"@id\":\"https:\\\/\\\/www.gold.fr\\\/news\\\/2012\\\/12\\\/28\\\/perspectives-du-marche-aurifere-pour-2013\\\/#primaryimage\",\"url\":\"https:\\\/\\\/www.gold.fr\\\/news\\\/wp-content\\\/uploads\\\/2012\\\/02\\\/cours-de-lOr.jpg\",\"contentUrl\":\"https:\\\/\\\/www.gold.fr\\\/news\\\/wp-content\\\/uploads\\\/2012\\\/02\\\/cours-de-lOr.jpg\",\"width\":\"600\",\"height\":\"450\",\"caption\":\"March\u00e9s : Draghi tire l\u2019ensemble des bourses vers le bas\"},{\"@type\":\"BreadcrumbList\",\"@id\":\"https:\\\/\\\/www.gold.fr\\\/news\\\/2012\\\/12\\\/28\\\/perspectives-du-marche-aurifere-pour-2013\\\/#breadcrumb\",\"itemListElement\":[{\"@type\":\"ListItem\",\"position\":1,\"name\":\"Accueil\",\"item\":\"https:\\\/\\\/www.gold.fr\\\/\"},{\"@type\":\"ListItem\",\"position\":2,\"name\":\"Actualit\u00e9s\",\"item\":\"https:\\\/\\\/www.gold.fr\\\/news\\\/\"},{\"@type\":\"ListItem\",\"position\":3,\"name\":\"Perspectives du march\u00e9 aurif\u00e8re pour 2013\"}]},{\"@type\":\"WebSite\",\"@id\":\"https:\\\/\\\/www.gold.fr\\\/news\\\/#website\",\"url\":\"https:\\\/\\\/www.gold.fr\\\/news\\\/\",\"name\":\"Gold.fr\",\"description\":\"Actualit\u00e9s de l&#039;Or et des m\u00e9taux pr\u00e9cieux\",\"potentialAction\":[{\"@type\":\"SearchAction\",\"target\":{\"@type\":\"EntryPoint\",\"urlTemplate\":\"https:\\\/\\\/www.gold.fr\\\/news\\\/?s={search_term_string}\"},\"query-input\":{\"@type\":\"PropertyValueSpecification\",\"valueRequired\":true,\"valueName\":\"search_term_string\"}}],\"inLanguage\":\"fr-FR\"},{\"@type\":\"Person\",\"@id\":\"https:\\\/\\\/www.gold.fr\\\/news\\\/#\\\/schema\\\/person\\\/070491b4b4fb7671bf59b3be20302ce9\",\"name\":\"Comptoir National de l'Or\",\"image\":{\"@type\":\"ImageObject\",\"inLanguage\":\"fr-FR\",\"@id\":\"https:\\\/\\\/secure.gravatar.com\\\/avatar\\\/0a2867fd5abe37bed95d5a65e9d58f01756e11efc68af9888dfc50cfa7f65948?s=96&d=mm&r=gb490554db0a38188709de567aa58480d\",\"url\":\"https:\\\/\\\/secure.gravatar.com\\\/avatar\\\/0a2867fd5abe37bed95d5a65e9d58f01756e11efc68af9888dfc50cfa7f65948?s=96&d=mm&r=g\",\"contentUrl\":\"https:\\\/\\\/secure.gravatar.com\\\/avatar\\\/0a2867fd5abe37bed95d5a65e9d58f01756e11efc68af9888dfc50cfa7f65948?s=96&d=mm&r=g\",\"caption\":\"Comptoir National de l'Or\"},\"description\":\"Notre r\u00e9daction est constitu\u00e9e de membres experts dans les m\u00e9tiers de l'\u00e9conomie et la gestion, des Responsables d'agence Comptoir National de l'Or, des analystes financiers qui publient r\u00e9guli\u00e8rement des \u00e9tudes sur les politiques des banques centrales, le cours de l'or, prix de l'or, cours de l'argent, prix de l'argent, cours du platine, cours du palladium,... la situation en zone euro et l'impact de la strat\u00e9gie mon\u00e9taire de la FED. Notre \u00e9quipe scrute \u00e9galement une information plus g\u00e9n\u00e9raliste \u00e0 la recherche d'actualit\u00e9 \\\"p\u00e9pite\\\" \u00e0 vous partager. Depuis 5 ans, nous avons publi\u00e9 un peu plus de 4000 articles qui s'adressent \u00e0 un public large et vari\u00e9 ayant pour objectif de satisfaire votre curiosit\u00e9 et de partager avec vous une certaine fascination pour le m\u00e9tal jaune, le rachat d'or, et pour ceux qui veulent investir dans l'or, vendre leur or tout simplement en savoir plus... Pour tous vos achat or et argent, n'h\u00e9sitez pas \u00e0 prendre rendez-vous dans l'un de nos nombreux comptoirs.\",\"sameAs\":[\"https:\\\/\\\/www.gold.fr\"]}]}<\/script>\n<!-- \/ Yoast SEO plugin. -->","yoast_head_json":{"title":"Perspectives du march\u00e9 aurif\u00e8re pour 2013 - Gold.fr","robots":{"index":"index","follow":"follow","max-snippet":"max-snippet:-1","max-image-preview":"max-image-preview:large","max-video-preview":"max-video-preview:-1"},"canonical":"https:\/\/www.gold.fr\/news\/2012\/12\/28\/perspectives-du-marche-aurifere-pour-2013\/","og_locale":"fr_FR","og_type":"article","og_title":"Perspectives du march\u00e9 aurif\u00e8re pour 2013 - Gold.fr","og_description":"Si on en croit les pr\u00e9visions de fin d&rsquo;ann\u00e9e des analystes professionnels, l\u2019ann\u00e9e 2013 sera celle de l\u2019or par excellence, avec de nouveaux records battus, d\u00e8s le deuxi\u00e8me trimestre de la nouvelle ann\u00e9e. En tout cas, [&hellip;]","og_url":"https:\/\/www.gold.fr\/news\/2012\/12\/28\/perspectives-du-marche-aurifere-pour-2013\/","og_site_name":"Gold.fr","article_publisher":"https:\/\/www.facebook.com\/Goldfr\/","article_published_time":"2012-12-28T16:00:01+00:00","article_modified_time":"2020-12-08T10:25:01+00:00","og_image":[{"width":600,"height":450,"url":"https:\/\/www.gold.fr\/news\/wp-content\/uploads\/2012\/02\/cours-de-lOr.jpg","type":"image\/jpeg"}],"author":"Comptoir National de l'Or","twitter_card":"summary_large_image","twitter_misc":{"\u00c9crit par":"Comptoir National de l'Or","Dur\u00e9e de lecture estim\u00e9e":"1 minute"},"schema":{"@context":"https:\/\/schema.org","@graph":[{"@type":"Article","@id":"https:\/\/www.gold.fr\/news\/2012\/12\/28\/perspectives-du-marche-aurifere-pour-2013\/#article","isPartOf":{"@id":"https:\/\/www.gold.fr\/news\/2012\/12\/28\/perspectives-du-marche-aurifere-pour-2013\/"},"author":{"name":"Comptoir National de l'Or","@id":"https:\/\/www.gold.fr\/news\/#\/schema\/person\/070491b4b4fb7671bf59b3be20302ce9"},"headline":"Perspectives du march\u00e9 aurif\u00e8re pour 2013","datePublished":"2012-12-28T16:00:01+00:00","dateModified":"2020-12-08T10:25:01+00:00","mainEntityOfPage":{"@id":"https:\/\/www.gold.fr\/news\/2012\/12\/28\/perspectives-du-marche-aurifere-pour-2013\/"},"wordCount":286,"image":{"@id":"https:\/\/www.gold.fr\/news\/2012\/12\/28\/perspectives-du-marche-aurifere-pour-2013\/#primaryimage"},"thumbnailUrl":"https:\/\/www.gold.fr\/news\/wp-content\/uploads\/2012\/02\/cours-de-lOr.jpg","keywords":["march\u00e9 aurif\u00e8re","march\u00e9 de l'or","Or 2013","Tout Cours de l'Or"],"articleSection":["Articles de presse"],"inLanguage":"fr-FR"},{"@type":"WebPage","@id":"https:\/\/www.gold.fr\/news\/2012\/12\/28\/perspectives-du-marche-aurifere-pour-2013\/","url":"https:\/\/www.gold.fr\/news\/2012\/12\/28\/perspectives-du-marche-aurifere-pour-2013\/","name":"Perspectives du march\u00e9 aurif\u00e8re pour 2013 - Gold.fr","isPartOf":{"@id":"https:\/\/www.gold.fr\/news\/#website"},"primaryImageOfPage":{"@id":"https:\/\/www.gold.fr\/news\/2012\/12\/28\/perspectives-du-marche-aurifere-pour-2013\/#primaryimage"},"image":{"@id":"https:\/\/www.gold.fr\/news\/2012\/12\/28\/perspectives-du-marche-aurifere-pour-2013\/#primaryimage"},"thumbnailUrl":"https:\/\/www.gold.fr\/news\/wp-content\/uploads\/2012\/02\/cours-de-lOr.jpg","datePublished":"2012-12-28T16:00:01+00:00","dateModified":"2020-12-08T10:25:01+00:00","author":{"@id":"https:\/\/www.gold.fr\/news\/#\/schema\/person\/070491b4b4fb7671bf59b3be20302ce9"},"breadcrumb":{"@id":"https:\/\/www.gold.fr\/news\/2012\/12\/28\/perspectives-du-marche-aurifere-pour-2013\/#breadcrumb"},"inLanguage":"fr-FR","potentialAction":[{"@type":"ReadAction","target":["https:\/\/www.gold.fr\/news\/2012\/12\/28\/perspectives-du-marche-aurifere-pour-2013\/"]}]},{"@type":"ImageObject","inLanguage":"fr-FR","@id":"https:\/\/www.gold.fr\/news\/2012\/12\/28\/perspectives-du-marche-aurifere-pour-2013\/#primaryimage","url":"https:\/\/www.gold.fr\/news\/wp-content\/uploads\/2012\/02\/cours-de-lOr.jpg","contentUrl":"https:\/\/www.gold.fr\/news\/wp-content\/uploads\/2012\/02\/cours-de-lOr.jpg","width":"600","height":"450","caption":"March\u00e9s : Draghi tire l\u2019ensemble des bourses vers le bas"},{"@type":"BreadcrumbList","@id":"https:\/\/www.gold.fr\/news\/2012\/12\/28\/perspectives-du-marche-aurifere-pour-2013\/#breadcrumb","itemListElement":[{"@type":"ListItem","position":1,"name":"Accueil","item":"https:\/\/www.gold.fr\/"},{"@type":"ListItem","position":2,"name":"Actualit\u00e9s","item":"https:\/\/www.gold.fr\/news\/"},{"@type":"ListItem","position":3,"name":"Perspectives du march\u00e9 aurif\u00e8re pour 2013"}]},{"@type":"WebSite","@id":"https:\/\/www.gold.fr\/news\/#website","url":"https:\/\/www.gold.fr\/news\/","name":"Gold.fr","description":"Actualit\u00e9s de l&#039;Or et des m\u00e9taux pr\u00e9cieux","potentialAction":[{"@type":"SearchAction","target":{"@type":"EntryPoint","urlTemplate":"https:\/\/www.gold.fr\/news\/?s={search_term_string}"},"query-input":{"@type":"PropertyValueSpecification","valueRequired":true,"valueName":"search_term_string"}}],"inLanguage":"fr-FR"},{"@type":"Person","@id":"https:\/\/www.gold.fr\/news\/#\/schema\/person\/070491b4b4fb7671bf59b3be20302ce9","name":"Comptoir National de l'Or","image":{"@type":"ImageObject","inLanguage":"fr-FR","@id":"https:\/\/secure.gravatar.com\/avatar\/0a2867fd5abe37bed95d5a65e9d58f01756e11efc68af9888dfc50cfa7f65948?s=96&d=mm&r=gb490554db0a38188709de567aa58480d","url":"https:\/\/secure.gravatar.com\/avatar\/0a2867fd5abe37bed95d5a65e9d58f01756e11efc68af9888dfc50cfa7f65948?s=96&d=mm&r=g","contentUrl":"https:\/\/secure.gravatar.com\/avatar\/0a2867fd5abe37bed95d5a65e9d58f01756e11efc68af9888dfc50cfa7f65948?s=96&d=mm&r=g","caption":"Comptoir National de l'Or"},"description":"Notre r\u00e9daction est constitu\u00e9e de membres experts dans les m\u00e9tiers de l'\u00e9conomie et la gestion, des Responsables d'agence Comptoir National de l'Or, des analystes financiers qui publient r\u00e9guli\u00e8rement des \u00e9tudes sur les politiques des banques centrales, le cours de l'or, prix de l'or, cours de l'argent, prix de l'argent, cours du platine, cours du palladium,... la situation en zone euro et l'impact de la strat\u00e9gie mon\u00e9taire de la FED. Notre \u00e9quipe scrute \u00e9galement une information plus g\u00e9n\u00e9raliste \u00e0 la recherche d'actualit\u00e9 \"p\u00e9pite\" \u00e0 vous partager. Depuis 5 ans, nous avons publi\u00e9 un peu plus de 4000 articles qui s'adressent \u00e0 un public large et vari\u00e9 ayant pour objectif de satisfaire votre curiosit\u00e9 et de partager avec vous une certaine fascination pour le m\u00e9tal jaune, le rachat d'or, et pour ceux qui veulent investir dans l'or, vendre leur or tout simplement en savoir plus... Pour tous vos achat or et argent, n'h\u00e9sitez pas \u00e0 prendre rendez-vous dans l'un de nos nombreux comptoirs.","sameAs":["https:\/\/www.gold.fr"]}]}},"authors":[{"term_id":2565,"user_id":18,"is_guest":0,"slug":"julie","display_name":"Comptoir National de l'Or","avatar_url":"https:\/\/secure.gravatar.com\/avatar\/713f289e398d35ead876c4a4cc08607f0d6d266058cfc25683fffb6092d0e572?s=96&d=mm&r=g","0":null,"1":"","2":"","3":"","4":"","5":"","6":"","7":"","8":""}],"_links":{"self":[{"href":"https:\/\/www.gold.fr\/news\/wp-json\/wp\/v2\/posts\/10324","targetHints":{"allow":["GET"]}}],"collection":[{"href":"https:\/\/www.gold.fr\/news\/wp-json\/wp\/v2\/posts"}],"about":[{"href":"https:\/\/www.gold.fr\/news\/wp-json\/wp\/v2\/types\/post"}],"author":[{"embeddable":true,"href":"https:\/\/www.gold.fr\/news\/wp-json\/wp\/v2\/users\/18"}],"replies":[{"embeddable":true,"href":"https:\/\/www.gold.fr\/news\/wp-json\/wp\/v2\/comments?post=10324"}],"version-history":[{"count":0,"href":"https:\/\/www.gold.fr\/news\/wp-json\/wp\/v2\/posts\/10324\/revisions"}],"wp:featuredmedia":[{"embeddable":true,"href":"https:\/\/www.gold.fr\/news\/wp-json\/wp\/v2\/media\/6061"}],"wp:attachment":[{"href":"https:\/\/www.gold.fr\/news\/wp-json\/wp\/v2\/media?parent=10324"}],"wp:term":[{"taxonomy":"category","embeddable":true,"href":"https:\/\/www.gold.fr\/news\/wp-json\/wp\/v2\/categories?post=10324"},{"taxonomy":"post_tag","embeddable":true,"href":"https:\/\/www.gold.fr\/news\/wp-json\/wp\/v2\/tags?post=10324"},{"taxonomy":"author","embeddable":true,"href":"https:\/\/www.gold.fr\/news\/wp-json\/wp\/v2\/ppma_author?post=10324"}],"curies":[{"name":"wp","href":"https:\/\/api.w.org\/{rel}","templated":true}]}}