{"id":10315,"date":"2012-12-26T17:00:40","date_gmt":"2012-12-26T16:00:40","guid":{"rendered":"https:\/\/www.gold.fr\/news\/?p=10315"},"modified":"2017-11-02T11:34:39","modified_gmt":"2017-11-02T10:34:39","slug":"or-en-2012-bilan-general","status":"publish","type":"post","link":"https:\/\/www.gold.fr\/news\/2012\/12\/26\/or-en-2012-bilan-general\/","title":{"rendered":"Or en 2012 \u2013 Bilan g\u00e9n\u00e9ral"},"content":{"rendered":"<p><span style=\"font-size: small;\"><img loading=\"lazy\" decoding=\"async\" class=\"alignleft size-thumbnail wp-image-4173\" title=\"Or en 2012 \u2013 Bilan g\u00e9n\u00e9ral\" src=\"https:\/\/www.gold.fr\/news\/wp-content\/uploads\/2011\/12\/6136-000213-150x150.jpg\" alt=\"\" width=\"150\" height=\"150\" \/>Une chose est sure ; le <a href='https:\/\/www.gold.fr\/news\/tags\/or' class='esk-seo-plu-link'>m\u00e9tal jaune<\/a> a maintenu, tout au long de l&rsquo;ann\u00e9e <strong>2012<\/strong>, sa position de valeur refuge. Un r\u00f4le qu&rsquo;il doit \u00e0 la loi invers\u00e9e qui le relie au dollar (dans un premier niveau), et \u00e0 l&rsquo;\u00e9quilibre de l&rsquo;\u00e9conomie internationale (\u00e0 plus grande \u00e9chelle). En d&rsquo;autres termes, plus la crise \u00e9conomique (am\u00e9ricaine ou mondiale) est tenace, et plus la valeur de l&rsquo;<a href='https:\/\/www.gold.fr\/news\/tags\/or' class='esk-seo-plu-link'>or<\/a> en est boost\u00e9e.<\/span>    <span style=\"font-size: small;\">Bien que l&rsquo;\u00e9volution du <a title=\"Prix de l'Or\" href=\"https:\/\/www.gold.fr\/cours-prix-de-l-or\/\" target=\"_blank\">cours du m\u00e9tal jaune<\/a> ait connu, en 2012, des phases de <a title=\"Stagnation de l\u2019or dans un climat d\u2019expectatives\" href=\"https:\/\/www.gold.fr\/news\/2012\/12\/21\/stagnation-de-lor-dans-un-climat-dexpectatives\/10289\/\" target=\"_blank\">correction\/stagnation<\/a> ind\u00e9niables, l&rsquo;<a href='https:\/\/www.gold.fr\/news\/tags\/or' class='esk-seo-plu-link'>or<\/a> n&rsquo;a rien perdu de sa supr\u00e9matie sur la longue liste des placements-boucliers.<\/span>  <span style=\"font-size: small;\"> Et c&rsquo;est un succ\u00e8s \u00e0 toute \u00e9preuve que la relique barbare doit \u00e9galement aux principales banques centrales mondiales. On citera d&rsquo;ailleurs, notamment, les banques centrales des pays \u00e9mergents qui sont, cette ann\u00e9e et pour la troisi\u00e8me ann\u00e9e cons\u00e9cutive, des acheteuses nettes d&rsquo;<a href='https:\/\/www.gold.fr\/news\/tags\/or' class='esk-seo-plu-link'>or<\/a>.<\/span>    <span style=\"font-size: small;\">Il ne faut pas non plus oublier la strat\u00e9gie mon\u00e9taire tr\u00e8s accommodante de la <strong>FED<\/strong> qui n&rsquo;a pas manqu\u00e9 de soutenir <a title=\"Or et hausse \u2013 Les facteurs de reprise\" href=\"https:\/\/www.gold.fr\/news\/2012\/12\/20\/or-et-hausse-les-facteurs-de-reprise\/10285\/\" target=\"_blank\">la hausse de l\u2019or<\/a>, particuli\u00e8rement durant le d\u00e9but du troisi\u00e8me trimestre <strong>2012<\/strong>. On notera d&rsquo;ailleurs que, tr\u00e8s \u00e9tonnamment, les rares phases de r\u00e9pit relatif dans les \u00e9conomies et les politiques <a title=\"La zone euro dans le collimateur\" href=\"https:\/\/www.gold.fr\/news\/2012\/12\/21\/la-zone-euro-dans-le-collimateur\/10298\/\" target=\"_blank\">europ\u00e9ennes<\/a> et <a title=\"Or et USA \u2013 Les nouvelles qui boostent l\u2019or\" href=\"https:\/\/www.gold.fr\/news\/2012\/12\/20\/or-et-usa-les-nouvelles-qui-boostent-lor\/10287\/\" target=\"_blank\">am\u00e9ricaines<\/a> n&rsquo;ont pas eu pour effet -pourtant naturel- de plomber l&rsquo;<a href='https:\/\/www.gold.fr\/news\/tags\/or' class='esk-seo-plu-link'>or<\/a>.<\/span>    <span style=\"font-size: small;\">En tout temps et en toute phase, l&rsquo;<a href='https:\/\/www.gold.fr\/news\/tags\/or' class='esk-seo-plu-link'>or<\/a> a su maintenir un niveau relativement stabilis\u00e9 et a r\u00e9ussi l&rsquo;exploit de se relever rapidement de toutes les corrections qu&rsquo;il a subies.<\/span><\/p>\n<!-- AddThis Advanced Settings generic via filter on the_content --><!-- AddThis Share Buttons generic via filter on the_content -->","protected":false},"excerpt":{"rendered":"<p>Une chose est sure ; le m\u00e9tal jaune a maintenu, tout au long de l&rsquo;ann\u00e9e 2012, sa position de valeur refuge. Un r\u00f4le qu&rsquo;il doit \u00e0 la loi invers\u00e9e qui le relie au dollar (dans un [&hellip;]<\/p>\n","protected":false},"author":18,"featured_media":4173,"comment_status":"open","ping_status":"open","sticky":false,"template":"","format":"standard","meta":{"_mbp_gutenberg_autopost":false,"_pgmb_is_evergreen":false,"_pgmb_ap_template_id":0,"footnotes":""},"categories":[6],"tags":[1043,923,242,1042,405],"ppma_author":[2565],"class_list":["post-10315","post","type-post","status-publish","format-standard","has-post-thumbnail","hentry","category-articles-de-presse","tag-bilan","tag-crise","tag-europe","tag-or-2012","tag-usa"],"yoast_head":"<!-- This site is optimized with the Yoast SEO plugin v26.9 - https:\/\/yoast.com\/product\/yoast-seo-wordpress\/ -->\n<title>Or en 2012 \u2013 Bilan g\u00e9n\u00e9ral - Gold.fr<\/title>\n<meta name=\"robots\" content=\"index, follow, max-snippet:-1, max-image-preview:large, max-video-preview:-1\" \/>\n<link rel=\"canonical\" href=\"https:\/\/www.gold.fr\/news\/2012\/12\/26\/or-en-2012-bilan-general\/\" \/>\n<meta property=\"og:locale\" content=\"fr_FR\" \/>\n<meta property=\"og:type\" content=\"article\" \/>\n<meta property=\"og:title\" content=\"Or en 2012 \u2013 Bilan g\u00e9n\u00e9ral - Gold.fr\" \/>\n<meta property=\"og:description\" content=\"Une chose est sure ; le m\u00e9tal jaune a maintenu, tout au long de l&rsquo;ann\u00e9e 2012, sa position de valeur refuge. Un r\u00f4le qu&rsquo;il doit \u00e0 la loi invers\u00e9e qui le relie au dollar (dans un [&hellip;]\" \/>\n<meta property=\"og:url\" content=\"https:\/\/www.gold.fr\/news\/2012\/12\/26\/or-en-2012-bilan-general\/\" \/>\n<meta property=\"og:site_name\" content=\"Gold.fr\" \/>\n<meta property=\"article:publisher\" content=\"https:\/\/www.facebook.com\/Goldfr\/\" \/>\n<meta property=\"article:published_time\" content=\"2012-12-26T16:00:40+00:00\" \/>\n<meta property=\"article:modified_time\" content=\"2017-11-02T10:34:39+00:00\" \/>\n<meta property=\"og:image\" content=\"https:\/\/www.gold.fr\/news\/wp-content\/uploads\/2011\/12\/6136-000213.jpg\" \/>\n\t<meta property=\"og:image:width\" content=\"600\" \/>\n\t<meta property=\"og:image:height\" content=\"441\" \/>\n\t<meta property=\"og:image:type\" content=\"image\/jpeg\" \/>\n<meta name=\"author\" content=\"Comptoir National de l&#039;Or\" \/>\n<meta name=\"twitter:card\" content=\"summary_large_image\" \/>\n<meta name=\"twitter:label1\" content=\"\u00c9crit par\" \/>\n\t<meta name=\"twitter:data1\" content=\"Comptoir National de l&#039;Or\" \/>\n\t<meta name=\"twitter:label2\" content=\"Dur\u00e9e de lecture estim\u00e9e\" \/>\n\t<meta name=\"twitter:data2\" content=\"1 minute\" \/>\n<script type=\"application\/ld+json\" class=\"yoast-schema-graph\">{\"@context\":\"https:\/\/schema.org\",\"@graph\":[{\"@type\":\"Article\",\"@id\":\"https:\/\/www.gold.fr\/news\/2012\/12\/26\/or-en-2012-bilan-general\/#article\",\"isPartOf\":{\"@id\":\"https:\/\/www.gold.fr\/news\/2012\/12\/26\/or-en-2012-bilan-general\/\"},\"author\":{\"name\":\"Comptoir National de l'Or\",\"@id\":\"https:\/\/www.gold.fr\/news\/#\/schema\/person\/760ee7cec237915eebf2be78df0404c4\"},\"headline\":\"Or en 2012 \u2013 Bilan g\u00e9n\u00e9ral\",\"datePublished\":\"2012-12-26T16:00:40+00:00\",\"dateModified\":\"2017-11-02T10:34:39+00:00\",\"mainEntityOfPage\":{\"@id\":\"https:\/\/www.gold.fr\/news\/2012\/12\/26\/or-en-2012-bilan-general\/\"},\"wordCount\":279,\"commentCount\":0,\"image\":{\"@id\":\"https:\/\/www.gold.fr\/news\/2012\/12\/26\/or-en-2012-bilan-general\/#primaryimage\"},\"thumbnailUrl\":\"https:\/\/www.gold.fr\/news\/wp-content\/uploads\/2011\/12\/6136-000213.jpg\",\"keywords\":[\"Bilan\",\"crise\",\"europe\",\"Or 2012\",\"usa\"],\"articleSection\":[\"Articles de presse\"],\"inLanguage\":\"fr-FR\"},{\"@type\":\"WebPage\",\"@id\":\"https:\/\/www.gold.fr\/news\/2012\/12\/26\/or-en-2012-bilan-general\/\",\"url\":\"https:\/\/www.gold.fr\/news\/2012\/12\/26\/or-en-2012-bilan-general\/\",\"name\":\"Or en 2012 \u2013 Bilan g\u00e9n\u00e9ral - Gold.fr\",\"isPartOf\":{\"@id\":\"https:\/\/www.gold.fr\/news\/#website\"},\"primaryImageOfPage\":{\"@id\":\"https:\/\/www.gold.fr\/news\/2012\/12\/26\/or-en-2012-bilan-general\/#primaryimage\"},\"image\":{\"@id\":\"https:\/\/www.gold.fr\/news\/2012\/12\/26\/or-en-2012-bilan-general\/#primaryimage\"},\"thumbnailUrl\":\"https:\/\/www.gold.fr\/news\/wp-content\/uploads\/2011\/12\/6136-000213.jpg\",\"datePublished\":\"2012-12-26T16:00:40+00:00\",\"dateModified\":\"2017-11-02T10:34:39+00:00\",\"author\":{\"@id\":\"https:\/\/www.gold.fr\/news\/#\/schema\/person\/760ee7cec237915eebf2be78df0404c4\"},\"breadcrumb\":{\"@id\":\"https:\/\/www.gold.fr\/news\/2012\/12\/26\/or-en-2012-bilan-general\/#breadcrumb\"},\"inLanguage\":\"fr-FR\",\"potentialAction\":[{\"@type\":\"ReadAction\",\"target\":[\"https:\/\/www.gold.fr\/news\/2012\/12\/26\/or-en-2012-bilan-general\/\"]}]},{\"@type\":\"ImageObject\",\"inLanguage\":\"fr-FR\",\"@id\":\"https:\/\/www.gold.fr\/news\/2012\/12\/26\/or-en-2012-bilan-general\/#primaryimage\",\"url\":\"https:\/\/www.gold.fr\/news\/wp-content\/uploads\/2011\/12\/6136-000213.jpg\",\"contentUrl\":\"https:\/\/www.gold.fr\/news\/wp-content\/uploads\/2011\/12\/6136-000213.jpg\",\"width\":\"600\",\"height\":\"441\",\"caption\":\"L\u2019or sort vainqueur de l\u2019ann\u00e9e 2012\"},{\"@type\":\"BreadcrumbList\",\"@id\":\"https:\/\/www.gold.fr\/news\/2012\/12\/26\/or-en-2012-bilan-general\/#breadcrumb\",\"itemListElement\":[{\"@type\":\"ListItem\",\"position\":1,\"name\":\"Accueil\",\"item\":\"https:\/\/www.gold.fr\/\"},{\"@type\":\"ListItem\",\"position\":2,\"name\":\"Actualit\u00e9s\",\"item\":\"https:\/\/www.gold.fr\/news\/\"},{\"@type\":\"ListItem\",\"position\":3,\"name\":\"Or en 2012 \u2013 Bilan g\u00e9n\u00e9ral\"}]},{\"@type\":\"WebSite\",\"@id\":\"https:\/\/www.gold.fr\/news\/#website\",\"url\":\"https:\/\/www.gold.fr\/news\/\",\"name\":\"Gold.fr\",\"description\":\"Actualit\u00e9s de l&#039;Or et des m\u00e9taux pr\u00e9cieux\",\"potentialAction\":[{\"@type\":\"SearchAction\",\"target\":{\"@type\":\"EntryPoint\",\"urlTemplate\":\"https:\/\/www.gold.fr\/news\/?s={search_term_string}\"},\"query-input\":{\"@type\":\"PropertyValueSpecification\",\"valueRequired\":true,\"valueName\":\"search_term_string\"}}],\"inLanguage\":\"fr-FR\"},{\"@type\":\"Person\",\"@id\":\"https:\/\/www.gold.fr\/news\/#\/schema\/person\/760ee7cec237915eebf2be78df0404c4\",\"name\":\"Comptoir National de l'Or\",\"image\":{\"@type\":\"ImageObject\",\"inLanguage\":\"fr-FR\",\"@id\":\"https:\/\/www.gold.fr\/news\/#\/schema\/person\/image\/c36675942654553a86039d2dfa93c740\",\"url\":\"https:\/\/secure.gravatar.com\/avatar\/713f289e398d35ead876c4a4cc08607f0d6d266058cfc25683fffb6092d0e572?s=96&d=mm&r=g\",\"contentUrl\":\"https:\/\/secure.gravatar.com\/avatar\/713f289e398d35ead876c4a4cc08607f0d6d266058cfc25683fffb6092d0e572?s=96&d=mm&r=g\",\"caption\":\"Comptoir National de l'Or\"},\"description\":\"Notre r\u00e9daction est constitu\u00e9e de membres experts dans les m\u00e9tiers de l'\u00e9conomie et la gestion, des Responsables d'agence Comptoir National de l'Or, des analystes financiers qui publient r\u00e9guli\u00e8rement des \u00e9tudes sur les politiques des banques centrales, le cours de l'or, prix de l'or, cours de l'argent, prix de l'argent, cours du platine, cours du palladium,... la situation en zone euro et l'impact de la strat\u00e9gie mon\u00e9taire de la FED. Notre \u00e9quipe scrute \u00e9galement une information plus g\u00e9n\u00e9raliste \u00e0 la recherche d'actualit\u00e9 \\\"p\u00e9pite\\\" \u00e0 vous partager. Depuis 5 ans, nous avons publi\u00e9 un peu plus de 4000 articles qui s'adressent \u00e0 un public large et vari\u00e9 ayant pour objectif de satisfaire votre curiosit\u00e9 et de partager avec vous une certaine fascination pour le m\u00e9tal jaune, le rachat d'or, et pour ceux qui veulent investir dans l'or, vendre leur or tout simplement en savoir plus... Pour tous vos achat or et argent, n'h\u00e9sitez pas \u00e0 prendre rendez-vous dans l'un de nos nombreux comptoirs.\",\"sameAs\":[\"https:\/\/www.gold.fr\"]}]}<\/script>\n<!-- \/ Yoast SEO plugin. -->","yoast_head_json":{"title":"Or en 2012 \u2013 Bilan g\u00e9n\u00e9ral - Gold.fr","robots":{"index":"index","follow":"follow","max-snippet":"max-snippet:-1","max-image-preview":"max-image-preview:large","max-video-preview":"max-video-preview:-1"},"canonical":"https:\/\/www.gold.fr\/news\/2012\/12\/26\/or-en-2012-bilan-general\/","og_locale":"fr_FR","og_type":"article","og_title":"Or en 2012 \u2013 Bilan g\u00e9n\u00e9ral - Gold.fr","og_description":"Une chose est sure ; le m\u00e9tal jaune a maintenu, tout au long de l&rsquo;ann\u00e9e 2012, sa position de valeur refuge. Un r\u00f4le qu&rsquo;il doit \u00e0 la loi invers\u00e9e qui le relie au dollar (dans un [&hellip;]","og_url":"https:\/\/www.gold.fr\/news\/2012\/12\/26\/or-en-2012-bilan-general\/","og_site_name":"Gold.fr","article_publisher":"https:\/\/www.facebook.com\/Goldfr\/","article_published_time":"2012-12-26T16:00:40+00:00","article_modified_time":"2017-11-02T10:34:39+00:00","og_image":[{"width":600,"height":441,"url":"https:\/\/www.gold.fr\/news\/wp-content\/uploads\/2011\/12\/6136-000213.jpg","type":"image\/jpeg"}],"author":"Comptoir National de l'Or","twitter_card":"summary_large_image","twitter_misc":{"\u00c9crit par":"Comptoir National de l'Or","Dur\u00e9e de lecture estim\u00e9e":"1 minute"},"schema":{"@context":"https:\/\/schema.org","@graph":[{"@type":"Article","@id":"https:\/\/www.gold.fr\/news\/2012\/12\/26\/or-en-2012-bilan-general\/#article","isPartOf":{"@id":"https:\/\/www.gold.fr\/news\/2012\/12\/26\/or-en-2012-bilan-general\/"},"author":{"name":"Comptoir National de l'Or","@id":"https:\/\/www.gold.fr\/news\/#\/schema\/person\/760ee7cec237915eebf2be78df0404c4"},"headline":"Or en 2012 \u2013 Bilan g\u00e9n\u00e9ral","datePublished":"2012-12-26T16:00:40+00:00","dateModified":"2017-11-02T10:34:39+00:00","mainEntityOfPage":{"@id":"https:\/\/www.gold.fr\/news\/2012\/12\/26\/or-en-2012-bilan-general\/"},"wordCount":279,"commentCount":0,"image":{"@id":"https:\/\/www.gold.fr\/news\/2012\/12\/26\/or-en-2012-bilan-general\/#primaryimage"},"thumbnailUrl":"https:\/\/www.gold.fr\/news\/wp-content\/uploads\/2011\/12\/6136-000213.jpg","keywords":["Bilan","crise","europe","Or 2012","usa"],"articleSection":["Articles de presse"],"inLanguage":"fr-FR"},{"@type":"WebPage","@id":"https:\/\/www.gold.fr\/news\/2012\/12\/26\/or-en-2012-bilan-general\/","url":"https:\/\/www.gold.fr\/news\/2012\/12\/26\/or-en-2012-bilan-general\/","name":"Or en 2012 \u2013 Bilan g\u00e9n\u00e9ral - Gold.fr","isPartOf":{"@id":"https:\/\/www.gold.fr\/news\/#website"},"primaryImageOfPage":{"@id":"https:\/\/www.gold.fr\/news\/2012\/12\/26\/or-en-2012-bilan-general\/#primaryimage"},"image":{"@id":"https:\/\/www.gold.fr\/news\/2012\/12\/26\/or-en-2012-bilan-general\/#primaryimage"},"thumbnailUrl":"https:\/\/www.gold.fr\/news\/wp-content\/uploads\/2011\/12\/6136-000213.jpg","datePublished":"2012-12-26T16:00:40+00:00","dateModified":"2017-11-02T10:34:39+00:00","author":{"@id":"https:\/\/www.gold.fr\/news\/#\/schema\/person\/760ee7cec237915eebf2be78df0404c4"},"breadcrumb":{"@id":"https:\/\/www.gold.fr\/news\/2012\/12\/26\/or-en-2012-bilan-general\/#breadcrumb"},"inLanguage":"fr-FR","potentialAction":[{"@type":"ReadAction","target":["https:\/\/www.gold.fr\/news\/2012\/12\/26\/or-en-2012-bilan-general\/"]}]},{"@type":"ImageObject","inLanguage":"fr-FR","@id":"https:\/\/www.gold.fr\/news\/2012\/12\/26\/or-en-2012-bilan-general\/#primaryimage","url":"https:\/\/www.gold.fr\/news\/wp-content\/uploads\/2011\/12\/6136-000213.jpg","contentUrl":"https:\/\/www.gold.fr\/news\/wp-content\/uploads\/2011\/12\/6136-000213.jpg","width":"600","height":"441","caption":"L\u2019or sort vainqueur de l\u2019ann\u00e9e 2012"},{"@type":"BreadcrumbList","@id":"https:\/\/www.gold.fr\/news\/2012\/12\/26\/or-en-2012-bilan-general\/#breadcrumb","itemListElement":[{"@type":"ListItem","position":1,"name":"Accueil","item":"https:\/\/www.gold.fr\/"},{"@type":"ListItem","position":2,"name":"Actualit\u00e9s","item":"https:\/\/www.gold.fr\/news\/"},{"@type":"ListItem","position":3,"name":"Or en 2012 \u2013 Bilan g\u00e9n\u00e9ral"}]},{"@type":"WebSite","@id":"https:\/\/www.gold.fr\/news\/#website","url":"https:\/\/www.gold.fr\/news\/","name":"Gold.fr","description":"Actualit\u00e9s de l&#039;Or et des m\u00e9taux pr\u00e9cieux","potentialAction":[{"@type":"SearchAction","target":{"@type":"EntryPoint","urlTemplate":"https:\/\/www.gold.fr\/news\/?s={search_term_string}"},"query-input":{"@type":"PropertyValueSpecification","valueRequired":true,"valueName":"search_term_string"}}],"inLanguage":"fr-FR"},{"@type":"Person","@id":"https:\/\/www.gold.fr\/news\/#\/schema\/person\/760ee7cec237915eebf2be78df0404c4","name":"Comptoir National de l'Or","image":{"@type":"ImageObject","inLanguage":"fr-FR","@id":"https:\/\/www.gold.fr\/news\/#\/schema\/person\/image\/c36675942654553a86039d2dfa93c740","url":"https:\/\/secure.gravatar.com\/avatar\/713f289e398d35ead876c4a4cc08607f0d6d266058cfc25683fffb6092d0e572?s=96&d=mm&r=g","contentUrl":"https:\/\/secure.gravatar.com\/avatar\/713f289e398d35ead876c4a4cc08607f0d6d266058cfc25683fffb6092d0e572?s=96&d=mm&r=g","caption":"Comptoir National de l'Or"},"description":"Notre r\u00e9daction est constitu\u00e9e de membres experts dans les m\u00e9tiers de l'\u00e9conomie et la gestion, des Responsables d'agence Comptoir National de l'Or, des analystes financiers qui publient r\u00e9guli\u00e8rement des \u00e9tudes sur les politiques des banques centrales, le cours de l'or, prix de l'or, cours de l'argent, prix de l'argent, cours du platine, cours du palladium,... la situation en zone euro et l'impact de la strat\u00e9gie mon\u00e9taire de la FED. Notre \u00e9quipe scrute \u00e9galement une information plus g\u00e9n\u00e9raliste \u00e0 la recherche d'actualit\u00e9 \"p\u00e9pite\" \u00e0 vous partager. Depuis 5 ans, nous avons publi\u00e9 un peu plus de 4000 articles qui s'adressent \u00e0 un public large et vari\u00e9 ayant pour objectif de satisfaire votre curiosit\u00e9 et de partager avec vous une certaine fascination pour le m\u00e9tal jaune, le rachat d'or, et pour ceux qui veulent investir dans l'or, vendre leur or tout simplement en savoir plus... Pour tous vos achat or et argent, n'h\u00e9sitez pas \u00e0 prendre rendez-vous dans l'un de nos nombreux comptoirs.","sameAs":["https:\/\/www.gold.fr"]}]}},"authors":[{"term_id":2565,"user_id":18,"is_guest":0,"slug":"julie","display_name":"Comptoir National de l'Or","avatar_url":"https:\/\/secure.gravatar.com\/avatar\/713f289e398d35ead876c4a4cc08607f0d6d266058cfc25683fffb6092d0e572?s=96&d=mm&r=g","0":null,"1":"","2":"","3":"","4":"","5":"","6":"","7":"","8":""}],"_links":{"self":[{"href":"https:\/\/www.gold.fr\/news\/wp-json\/wp\/v2\/posts\/10315","targetHints":{"allow":["GET"]}}],"collection":[{"href":"https:\/\/www.gold.fr\/news\/wp-json\/wp\/v2\/posts"}],"about":[{"href":"https:\/\/www.gold.fr\/news\/wp-json\/wp\/v2\/types\/post"}],"author":[{"embeddable":true,"href":"https:\/\/www.gold.fr\/news\/wp-json\/wp\/v2\/users\/18"}],"replies":[{"embeddable":true,"href":"https:\/\/www.gold.fr\/news\/wp-json\/wp\/v2\/comments?post=10315"}],"version-history":[{"count":0,"href":"https:\/\/www.gold.fr\/news\/wp-json\/wp\/v2\/posts\/10315\/revisions"}],"wp:featuredmedia":[{"embeddable":true,"href":"https:\/\/www.gold.fr\/news\/wp-json\/wp\/v2\/media\/4173"}],"wp:attachment":[{"href":"https:\/\/www.gold.fr\/news\/wp-json\/wp\/v2\/media?parent=10315"}],"wp:term":[{"taxonomy":"category","embeddable":true,"href":"https:\/\/www.gold.fr\/news\/wp-json\/wp\/v2\/categories?post=10315"},{"taxonomy":"post_tag","embeddable":true,"href":"https:\/\/www.gold.fr\/news\/wp-json\/wp\/v2\/tags?post=10315"},{"taxonomy":"author","embeddable":true,"href":"https:\/\/www.gold.fr\/news\/wp-json\/wp\/v2\/ppma_author?post=10315"}],"curies":[{"name":"wp","href":"https:\/\/api.w.org\/{rel}","templated":true}]}}