{"id":10307,"date":"2012-12-25T09:00:56","date_gmt":"2012-12-25T08:00:56","guid":{"rendered":"https:\/\/www.gold.fr\/news\/?p=10307"},"modified":"2017-11-02T11:34:40","modified_gmt":"2017-11-02T10:34:40","slug":"les-etf-une-autre-valeur-en-or","status":"publish","type":"post","link":"https:\/\/www.gold.fr\/news\/2012\/12\/25\/les-etf-une-autre-valeur-en-or\/","title":{"rendered":"Les ETF \u2013 Une autre valeur en or"},"content":{"rendered":"<p><span style=\"font-size: small;\"><img loading=\"lazy\" decoding=\"async\" class=\"alignleft size-thumbnail wp-image-10144\" title=\"Les ETF \u2013 Une autre valeur en or\" src=\"https:\/\/www.gold.fr\/news\/wp-content\/uploads\/2010\/08\/lingotins-50g-100g-or-150x150.jpg\" alt=\"\" width=\"150\" height=\"150\" \/>Ce sont des produits d&rsquo;investissement cot\u00e9s en Bourse, tr\u00e8s appr\u00e9ci\u00e9s par les investisseurs et qui ont r\u00e9alis\u00e9 une performance particuli\u00e8rement impressionnante en <strong>2012<\/strong>. Les ETF ont atteint des sommets historiques, accumulant les records \u00e0 l&rsquo;affile, tout au long de l&rsquo;ann\u00e9e.<\/span>    <span style=\"font-size: small;\"><strong>Andrea Tu\u00e9ni<\/strong>, analyste experte chez <strong>Saxo Banque<\/strong> et sp\u00e9cialiste des mati\u00e8res premi\u00e8res, rappelle que \u00ab <em>la d\u00e9tention d&rsquo;<a href='https:\/\/www.gold.fr\/news\/tags\/or' class='esk-seo-plu-link'>or<\/a> \u00e0 travers des ETF n&rsquo;a cess\u00e9 d&rsquo;augmenter en 2012<\/em> \u00bb. Elle ajoute \u00e9galement : \u00ab <em>L&rsquo;attrait pour les acheteurs reste tr\u00e8s fort et cette progression est constante depuis 2007. Nous n&rsquo;avons ainsi observ\u00e9 aucun d\u00e9sengagement des investisseurs<\/em> \u00bb.<\/span>    <span style=\"font-size: small;\">De son c\u00f4t\u00e9, le Conseil Mondial de l&rsquo;<a href='https:\/\/www.gold.fr\/news\/tags\/or' class='esk-seo-plu-link'>Or<\/a> met \u00e9galement l&rsquo;accent sur la belle flamb\u00e9e de la demande li\u00e9e aux ETF, depuis le deuxi\u00e8me trimestre 2012 (<strong>+ 56%<\/strong> \u00e0 <strong>136 tonnes<\/strong>), mais aussi la reprise de la demande provenant d&rsquo;Inde (<strong>+ 9%<\/strong> \u00e0 <strong>223,1 tonnes<\/strong>).<\/span>    <span style=\"font-size: small;\">Dans un march\u00e9 aurif\u00e8re relativement petit (environ <strong>4 400 tonnes<\/strong> annuels), les ETF repr\u00e9sentent ainsi une pression de plus sur une offre d\u00e9j\u00e0 \u00e9puis\u00e9e (par rapport \u00e0 la masse de la demande). En tout cas, <strong>Alexandre Carrier<\/strong> per\u00e7oit l&rsquo;engorgement du march\u00e9 comme un excellent signe pour les perspectives de <strong>2013<\/strong>. Le g\u00e9rant \u00e0 <strong>Natixis AM<\/strong> assure, en effet, que \u00ab<em>les <a href='https:\/\/www.gold.fr\/news\/tags\/cours-de-lor' class='esk-seo-plu-link'>cours de l&rsquo;or<\/a> resteront \u00e9lev\u00e9s<\/em> \u00bb. Il d\u00e9clare \u00e9galement que \u00ab<em> il n&rsquo;est pas improbable qu&rsquo;ils touchent <strong>2 000<\/strong> ou <strong>2 100<\/strong> dollars <a title=\"Prix de l'Once d'Or\" href=\"https:\/\/www.gold.fr\/once-en\/\" target=\"_blank\">l&rsquo;once<\/a> en 2013<\/em> \u00bb.<\/span>    <span style=\"font-size: small;\">Comme tous les connaisseurs du march\u00e9, <strong>Alexandre Carrier<\/strong> a le \u00ab <em>flair<\/em> \u00bb pour <a title=\"Or et hausse \u2013 Les facteurs de reprise\" href=\"https:\/\/www.gold.fr\/news\/2012\/12\/20\/or-et-hausse-les-facteurs-de-reprise\/10285\/\" target=\"_blank\">les vagues imminentes de hausse<\/a>. Et avec un pilier tel que les ETF, difficile de ne pas voir venir le succ\u00e8s aurif\u00e8re en <strong>2013<\/strong>.<\/span><\/p>\n<!-- AddThis Advanced Settings generic via filter on the_content --><!-- AddThis Share Buttons generic via filter on the_content -->","protected":false},"excerpt":{"rendered":"<p>Ce sont des produits d&rsquo;investissement cot\u00e9s en Bourse, tr\u00e8s appr\u00e9ci\u00e9s par les investisseurs et qui ont r\u00e9alis\u00e9 une performance particuli\u00e8rement impressionnante en 2012. Les ETF ont atteint des sommets historiques, accumulant les records \u00e0 l&rsquo;affile, tout [&hellip;]<\/p>\n","protected":false},"author":18,"featured_media":10144,"comment_status":"open","ping_status":"open","sticky":false,"template":"","format":"standard","meta":{"_mbp_gutenberg_autopost":false,"_pgmb_is_evergreen":false,"_pgmb_ap_template_id":0,"footnotes":""},"categories":[6],"tags":[936,614],"ppma_author":[2565],"class_list":["post-10307","post","type-post","status-publish","format-standard","has-post-thumbnail","hentry","category-articles-de-presse","tag-or-etf","tag-valeur-or"],"yoast_head":"<!-- This site is optimized with the Yoast SEO plugin v27.5 - https:\/\/yoast.com\/product\/yoast-seo-wordpress\/ -->\n<title>Les ETF \u2013 Une autre valeur en or - Gold.fr<\/title>\n<meta name=\"robots\" content=\"index, follow, max-snippet:-1, max-image-preview:large, max-video-preview:-1\" \/>\n<link rel=\"canonical\" href=\"https:\/\/www.gold.fr\/news\/2012\/12\/25\/les-etf-une-autre-valeur-en-or\/\" \/>\n<meta property=\"og:locale\" content=\"fr_FR\" \/>\n<meta property=\"og:type\" content=\"article\" \/>\n<meta property=\"og:title\" content=\"Les ETF \u2013 Une autre valeur en or - Gold.fr\" \/>\n<meta property=\"og:description\" content=\"Ce sont des produits d&rsquo;investissement cot\u00e9s en Bourse, tr\u00e8s appr\u00e9ci\u00e9s par les investisseurs et qui ont r\u00e9alis\u00e9 une performance particuli\u00e8rement impressionnante en 2012. Les ETF ont atteint des sommets historiques, accumulant les records \u00e0 l&rsquo;affile, tout [&hellip;]\" \/>\n<meta property=\"og:url\" content=\"https:\/\/www.gold.fr\/news\/2012\/12\/25\/les-etf-une-autre-valeur-en-or\/\" \/>\n<meta property=\"og:site_name\" content=\"Gold.fr\" \/>\n<meta property=\"article:publisher\" content=\"https:\/\/www.facebook.com\/Goldfr\/\" \/>\n<meta property=\"article:published_time\" content=\"2012-12-25T08:00:56+00:00\" \/>\n<meta property=\"article:modified_time\" content=\"2017-11-02T10:34:40+00:00\" \/>\n<meta property=\"og:image\" content=\"https:\/\/www.gold.fr\/news\/wp-content\/uploads\/2010\/08\/lingotins-50g-100g-or.jpg\" \/>\n\t<meta property=\"og:image:width\" content=\"600\" \/>\n\t<meta property=\"og:image:height\" content=\"416\" \/>\n\t<meta property=\"og:image:type\" content=\"image\/jpeg\" \/>\n<meta name=\"author\" content=\"Comptoir National de l&#039;Or\" \/>\n<meta name=\"twitter:card\" content=\"summary_large_image\" \/>\n<meta name=\"twitter:label1\" content=\"\u00c9crit par\" \/>\n\t<meta name=\"twitter:data1\" content=\"Comptoir National de l&#039;Or\" \/>\n\t<meta name=\"twitter:label2\" content=\"Dur\u00e9e de lecture estim\u00e9e\" \/>\n\t<meta name=\"twitter:data2\" content=\"1 minute\" \/>\n<script type=\"application\/ld+json\" class=\"yoast-schema-graph\">{\"@context\":\"https:\\\/\\\/schema.org\",\"@graph\":[{\"@type\":\"Article\",\"@id\":\"https:\\\/\\\/www.gold.fr\\\/news\\\/2012\\\/12\\\/25\\\/les-etf-une-autre-valeur-en-or\\\/#article\",\"isPartOf\":{\"@id\":\"https:\\\/\\\/www.gold.fr\\\/news\\\/2012\\\/12\\\/25\\\/les-etf-une-autre-valeur-en-or\\\/\"},\"author\":{\"name\":\"Comptoir National de l'Or\",\"@id\":\"https:\\\/\\\/www.gold.fr\\\/news\\\/#\\\/schema\\\/person\\\/070491b4b4fb7671bf59b3be20302ce9\"},\"headline\":\"Les ETF \u2013 Une autre valeur en or\",\"datePublished\":\"2012-12-25T08:00:56+00:00\",\"dateModified\":\"2017-11-02T10:34:40+00:00\",\"mainEntityOfPage\":{\"@id\":\"https:\\\/\\\/www.gold.fr\\\/news\\\/2012\\\/12\\\/25\\\/les-etf-une-autre-valeur-en-or\\\/\"},\"wordCount\":282,\"commentCount\":0,\"image\":{\"@id\":\"https:\\\/\\\/www.gold.fr\\\/news\\\/2012\\\/12\\\/25\\\/les-etf-une-autre-valeur-en-or\\\/#primaryimage\"},\"thumbnailUrl\":\"https:\\\/\\\/www.gold.fr\\\/news\\\/wp-content\\\/uploads\\\/2010\\\/08\\\/lingotins-50g-100g-or.jpg\",\"keywords\":[\"Or ETF\",\"valeur or\"],\"articleSection\":[\"Articles de presse\"],\"inLanguage\":\"fr-FR\"},{\"@type\":\"WebPage\",\"@id\":\"https:\\\/\\\/www.gold.fr\\\/news\\\/2012\\\/12\\\/25\\\/les-etf-une-autre-valeur-en-or\\\/\",\"url\":\"https:\\\/\\\/www.gold.fr\\\/news\\\/2012\\\/12\\\/25\\\/les-etf-une-autre-valeur-en-or\\\/\",\"name\":\"Les ETF \u2013 Une autre valeur en or - Gold.fr\",\"isPartOf\":{\"@id\":\"https:\\\/\\\/www.gold.fr\\\/news\\\/#website\"},\"primaryImageOfPage\":{\"@id\":\"https:\\\/\\\/www.gold.fr\\\/news\\\/2012\\\/12\\\/25\\\/les-etf-une-autre-valeur-en-or\\\/#primaryimage\"},\"image\":{\"@id\":\"https:\\\/\\\/www.gold.fr\\\/news\\\/2012\\\/12\\\/25\\\/les-etf-une-autre-valeur-en-or\\\/#primaryimage\"},\"thumbnailUrl\":\"https:\\\/\\\/www.gold.fr\\\/news\\\/wp-content\\\/uploads\\\/2010\\\/08\\\/lingotins-50g-100g-or.jpg\",\"datePublished\":\"2012-12-25T08:00:56+00:00\",\"dateModified\":\"2017-11-02T10:34:40+00:00\",\"author\":{\"@id\":\"https:\\\/\\\/www.gold.fr\\\/news\\\/#\\\/schema\\\/person\\\/070491b4b4fb7671bf59b3be20302ce9\"},\"breadcrumb\":{\"@id\":\"https:\\\/\\\/www.gold.fr\\\/news\\\/2012\\\/12\\\/25\\\/les-etf-une-autre-valeur-en-or\\\/#breadcrumb\"},\"inLanguage\":\"fr-FR\",\"potentialAction\":[{\"@type\":\"ReadAction\",\"target\":[\"https:\\\/\\\/www.gold.fr\\\/news\\\/2012\\\/12\\\/25\\\/les-etf-une-autre-valeur-en-or\\\/\"]}]},{\"@type\":\"ImageObject\",\"inLanguage\":\"fr-FR\",\"@id\":\"https:\\\/\\\/www.gold.fr\\\/news\\\/2012\\\/12\\\/25\\\/les-etf-une-autre-valeur-en-or\\\/#primaryimage\",\"url\":\"https:\\\/\\\/www.gold.fr\\\/news\\\/wp-content\\\/uploads\\\/2010\\\/08\\\/lingotins-50g-100g-or.jpg\",\"contentUrl\":\"https:\\\/\\\/www.gold.fr\\\/news\\\/wp-content\\\/uploads\\\/2010\\\/08\\\/lingotins-50g-100g-or.jpg\",\"width\":\"600\",\"height\":\"416\",\"caption\":\"Un d\u00e9but d\u2019ann\u00e9e calme pour l\u2019once d\u2019or\"},{\"@type\":\"BreadcrumbList\",\"@id\":\"https:\\\/\\\/www.gold.fr\\\/news\\\/2012\\\/12\\\/25\\\/les-etf-une-autre-valeur-en-or\\\/#breadcrumb\",\"itemListElement\":[{\"@type\":\"ListItem\",\"position\":1,\"name\":\"Accueil\",\"item\":\"https:\\\/\\\/www.gold.fr\\\/\"},{\"@type\":\"ListItem\",\"position\":2,\"name\":\"Actualit\u00e9s\",\"item\":\"https:\\\/\\\/www.gold.fr\\\/news\\\/\"},{\"@type\":\"ListItem\",\"position\":3,\"name\":\"Les ETF \u2013 Une autre valeur en or\"}]},{\"@type\":\"WebSite\",\"@id\":\"https:\\\/\\\/www.gold.fr\\\/news\\\/#website\",\"url\":\"https:\\\/\\\/www.gold.fr\\\/news\\\/\",\"name\":\"Gold.fr\",\"description\":\"Actualit\u00e9s de l&#039;Or et des m\u00e9taux pr\u00e9cieux\",\"potentialAction\":[{\"@type\":\"SearchAction\",\"target\":{\"@type\":\"EntryPoint\",\"urlTemplate\":\"https:\\\/\\\/www.gold.fr\\\/news\\\/?s={search_term_string}\"},\"query-input\":{\"@type\":\"PropertyValueSpecification\",\"valueRequired\":true,\"valueName\":\"search_term_string\"}}],\"inLanguage\":\"fr-FR\"},{\"@type\":\"Person\",\"@id\":\"https:\\\/\\\/www.gold.fr\\\/news\\\/#\\\/schema\\\/person\\\/070491b4b4fb7671bf59b3be20302ce9\",\"name\":\"Comptoir National de l'Or\",\"image\":{\"@type\":\"ImageObject\",\"inLanguage\":\"fr-FR\",\"@id\":\"https:\\\/\\\/secure.gravatar.com\\\/avatar\\\/0a2867fd5abe37bed95d5a65e9d58f01756e11efc68af9888dfc50cfa7f65948?s=96&d=mm&r=gb490554db0a38188709de567aa58480d\",\"url\":\"https:\\\/\\\/secure.gravatar.com\\\/avatar\\\/0a2867fd5abe37bed95d5a65e9d58f01756e11efc68af9888dfc50cfa7f65948?s=96&d=mm&r=g\",\"contentUrl\":\"https:\\\/\\\/secure.gravatar.com\\\/avatar\\\/0a2867fd5abe37bed95d5a65e9d58f01756e11efc68af9888dfc50cfa7f65948?s=96&d=mm&r=g\",\"caption\":\"Comptoir National de l'Or\"},\"description\":\"Notre r\u00e9daction est constitu\u00e9e de membres experts dans les m\u00e9tiers de l'\u00e9conomie et la gestion, des Responsables d'agence Comptoir National de l'Or, des analystes financiers qui publient r\u00e9guli\u00e8rement des \u00e9tudes sur les politiques des banques centrales, le cours de l'or, prix de l'or, cours de l'argent, prix de l'argent, cours du platine, cours du palladium,... la situation en zone euro et l'impact de la strat\u00e9gie mon\u00e9taire de la FED. Notre \u00e9quipe scrute \u00e9galement une information plus g\u00e9n\u00e9raliste \u00e0 la recherche d'actualit\u00e9 \\\"p\u00e9pite\\\" \u00e0 vous partager. Depuis 5 ans, nous avons publi\u00e9 un peu plus de 4000 articles qui s'adressent \u00e0 un public large et vari\u00e9 ayant pour objectif de satisfaire votre curiosit\u00e9 et de partager avec vous une certaine fascination pour le m\u00e9tal jaune, le rachat d'or, et pour ceux qui veulent investir dans l'or, vendre leur or tout simplement en savoir plus... Pour tous vos achat or et argent, n'h\u00e9sitez pas \u00e0 prendre rendez-vous dans l'un de nos nombreux comptoirs.\",\"sameAs\":[\"https:\\\/\\\/www.gold.fr\"]}]}<\/script>\n<!-- \/ Yoast SEO plugin. -->","yoast_head_json":{"title":"Les ETF \u2013 Une autre valeur en or - Gold.fr","robots":{"index":"index","follow":"follow","max-snippet":"max-snippet:-1","max-image-preview":"max-image-preview:large","max-video-preview":"max-video-preview:-1"},"canonical":"https:\/\/www.gold.fr\/news\/2012\/12\/25\/les-etf-une-autre-valeur-en-or\/","og_locale":"fr_FR","og_type":"article","og_title":"Les ETF \u2013 Une autre valeur en or - Gold.fr","og_description":"Ce sont des produits d&rsquo;investissement cot\u00e9s en Bourse, tr\u00e8s appr\u00e9ci\u00e9s par les investisseurs et qui ont r\u00e9alis\u00e9 une performance particuli\u00e8rement impressionnante en 2012. Les ETF ont atteint des sommets historiques, accumulant les records \u00e0 l&rsquo;affile, tout [&hellip;]","og_url":"https:\/\/www.gold.fr\/news\/2012\/12\/25\/les-etf-une-autre-valeur-en-or\/","og_site_name":"Gold.fr","article_publisher":"https:\/\/www.facebook.com\/Goldfr\/","article_published_time":"2012-12-25T08:00:56+00:00","article_modified_time":"2017-11-02T10:34:40+00:00","og_image":[{"width":600,"height":416,"url":"https:\/\/www.gold.fr\/news\/wp-content\/uploads\/2010\/08\/lingotins-50g-100g-or.jpg","type":"image\/jpeg"}],"author":"Comptoir National de l'Or","twitter_card":"summary_large_image","twitter_misc":{"\u00c9crit par":"Comptoir National de l'Or","Dur\u00e9e de lecture estim\u00e9e":"1 minute"},"schema":{"@context":"https:\/\/schema.org","@graph":[{"@type":"Article","@id":"https:\/\/www.gold.fr\/news\/2012\/12\/25\/les-etf-une-autre-valeur-en-or\/#article","isPartOf":{"@id":"https:\/\/www.gold.fr\/news\/2012\/12\/25\/les-etf-une-autre-valeur-en-or\/"},"author":{"name":"Comptoir National de l'Or","@id":"https:\/\/www.gold.fr\/news\/#\/schema\/person\/070491b4b4fb7671bf59b3be20302ce9"},"headline":"Les ETF \u2013 Une autre valeur en or","datePublished":"2012-12-25T08:00:56+00:00","dateModified":"2017-11-02T10:34:40+00:00","mainEntityOfPage":{"@id":"https:\/\/www.gold.fr\/news\/2012\/12\/25\/les-etf-une-autre-valeur-en-or\/"},"wordCount":282,"commentCount":0,"image":{"@id":"https:\/\/www.gold.fr\/news\/2012\/12\/25\/les-etf-une-autre-valeur-en-or\/#primaryimage"},"thumbnailUrl":"https:\/\/www.gold.fr\/news\/wp-content\/uploads\/2010\/08\/lingotins-50g-100g-or.jpg","keywords":["Or ETF","valeur or"],"articleSection":["Articles de presse"],"inLanguage":"fr-FR"},{"@type":"WebPage","@id":"https:\/\/www.gold.fr\/news\/2012\/12\/25\/les-etf-une-autre-valeur-en-or\/","url":"https:\/\/www.gold.fr\/news\/2012\/12\/25\/les-etf-une-autre-valeur-en-or\/","name":"Les ETF \u2013 Une autre valeur en or - Gold.fr","isPartOf":{"@id":"https:\/\/www.gold.fr\/news\/#website"},"primaryImageOfPage":{"@id":"https:\/\/www.gold.fr\/news\/2012\/12\/25\/les-etf-une-autre-valeur-en-or\/#primaryimage"},"image":{"@id":"https:\/\/www.gold.fr\/news\/2012\/12\/25\/les-etf-une-autre-valeur-en-or\/#primaryimage"},"thumbnailUrl":"https:\/\/www.gold.fr\/news\/wp-content\/uploads\/2010\/08\/lingotins-50g-100g-or.jpg","datePublished":"2012-12-25T08:00:56+00:00","dateModified":"2017-11-02T10:34:40+00:00","author":{"@id":"https:\/\/www.gold.fr\/news\/#\/schema\/person\/070491b4b4fb7671bf59b3be20302ce9"},"breadcrumb":{"@id":"https:\/\/www.gold.fr\/news\/2012\/12\/25\/les-etf-une-autre-valeur-en-or\/#breadcrumb"},"inLanguage":"fr-FR","potentialAction":[{"@type":"ReadAction","target":["https:\/\/www.gold.fr\/news\/2012\/12\/25\/les-etf-une-autre-valeur-en-or\/"]}]},{"@type":"ImageObject","inLanguage":"fr-FR","@id":"https:\/\/www.gold.fr\/news\/2012\/12\/25\/les-etf-une-autre-valeur-en-or\/#primaryimage","url":"https:\/\/www.gold.fr\/news\/wp-content\/uploads\/2010\/08\/lingotins-50g-100g-or.jpg","contentUrl":"https:\/\/www.gold.fr\/news\/wp-content\/uploads\/2010\/08\/lingotins-50g-100g-or.jpg","width":"600","height":"416","caption":"Un d\u00e9but d\u2019ann\u00e9e calme pour l\u2019once d\u2019or"},{"@type":"BreadcrumbList","@id":"https:\/\/www.gold.fr\/news\/2012\/12\/25\/les-etf-une-autre-valeur-en-or\/#breadcrumb","itemListElement":[{"@type":"ListItem","position":1,"name":"Accueil","item":"https:\/\/www.gold.fr\/"},{"@type":"ListItem","position":2,"name":"Actualit\u00e9s","item":"https:\/\/www.gold.fr\/news\/"},{"@type":"ListItem","position":3,"name":"Les ETF \u2013 Une autre valeur en or"}]},{"@type":"WebSite","@id":"https:\/\/www.gold.fr\/news\/#website","url":"https:\/\/www.gold.fr\/news\/","name":"Gold.fr","description":"Actualit\u00e9s de l&#039;Or et des m\u00e9taux pr\u00e9cieux","potentialAction":[{"@type":"SearchAction","target":{"@type":"EntryPoint","urlTemplate":"https:\/\/www.gold.fr\/news\/?s={search_term_string}"},"query-input":{"@type":"PropertyValueSpecification","valueRequired":true,"valueName":"search_term_string"}}],"inLanguage":"fr-FR"},{"@type":"Person","@id":"https:\/\/www.gold.fr\/news\/#\/schema\/person\/070491b4b4fb7671bf59b3be20302ce9","name":"Comptoir National de l'Or","image":{"@type":"ImageObject","inLanguage":"fr-FR","@id":"https:\/\/secure.gravatar.com\/avatar\/0a2867fd5abe37bed95d5a65e9d58f01756e11efc68af9888dfc50cfa7f65948?s=96&d=mm&r=gb490554db0a38188709de567aa58480d","url":"https:\/\/secure.gravatar.com\/avatar\/0a2867fd5abe37bed95d5a65e9d58f01756e11efc68af9888dfc50cfa7f65948?s=96&d=mm&r=g","contentUrl":"https:\/\/secure.gravatar.com\/avatar\/0a2867fd5abe37bed95d5a65e9d58f01756e11efc68af9888dfc50cfa7f65948?s=96&d=mm&r=g","caption":"Comptoir National de l'Or"},"description":"Notre r\u00e9daction est constitu\u00e9e de membres experts dans les m\u00e9tiers de l'\u00e9conomie et la gestion, des Responsables d'agence Comptoir National de l'Or, des analystes financiers qui publient r\u00e9guli\u00e8rement des \u00e9tudes sur les politiques des banques centrales, le cours de l'or, prix de l'or, cours de l'argent, prix de l'argent, cours du platine, cours du palladium,... la situation en zone euro et l'impact de la strat\u00e9gie mon\u00e9taire de la FED. Notre \u00e9quipe scrute \u00e9galement une information plus g\u00e9n\u00e9raliste \u00e0 la recherche d'actualit\u00e9 \"p\u00e9pite\" \u00e0 vous partager. Depuis 5 ans, nous avons publi\u00e9 un peu plus de 4000 articles qui s'adressent \u00e0 un public large et vari\u00e9 ayant pour objectif de satisfaire votre curiosit\u00e9 et de partager avec vous une certaine fascination pour le m\u00e9tal jaune, le rachat d'or, et pour ceux qui veulent investir dans l'or, vendre leur or tout simplement en savoir plus... Pour tous vos achat or et argent, n'h\u00e9sitez pas \u00e0 prendre rendez-vous dans l'un de nos nombreux comptoirs.","sameAs":["https:\/\/www.gold.fr"]}]}},"authors":[{"term_id":2565,"user_id":18,"is_guest":0,"slug":"julie","display_name":"Comptoir National de l'Or","avatar_url":"https:\/\/secure.gravatar.com\/avatar\/713f289e398d35ead876c4a4cc08607f0d6d266058cfc25683fffb6092d0e572?s=96&d=mm&r=g","0":null,"1":"","2":"","3":"","4":"","5":"","6":"","7":"","8":""}],"_links":{"self":[{"href":"https:\/\/www.gold.fr\/news\/wp-json\/wp\/v2\/posts\/10307","targetHints":{"allow":["GET"]}}],"collection":[{"href":"https:\/\/www.gold.fr\/news\/wp-json\/wp\/v2\/posts"}],"about":[{"href":"https:\/\/www.gold.fr\/news\/wp-json\/wp\/v2\/types\/post"}],"author":[{"embeddable":true,"href":"https:\/\/www.gold.fr\/news\/wp-json\/wp\/v2\/users\/18"}],"replies":[{"embeddable":true,"href":"https:\/\/www.gold.fr\/news\/wp-json\/wp\/v2\/comments?post=10307"}],"version-history":[{"count":0,"href":"https:\/\/www.gold.fr\/news\/wp-json\/wp\/v2\/posts\/10307\/revisions"}],"wp:featuredmedia":[{"embeddable":true,"href":"https:\/\/www.gold.fr\/news\/wp-json\/wp\/v2\/media\/10144"}],"wp:attachment":[{"href":"https:\/\/www.gold.fr\/news\/wp-json\/wp\/v2\/media?parent=10307"}],"wp:term":[{"taxonomy":"category","embeddable":true,"href":"https:\/\/www.gold.fr\/news\/wp-json\/wp\/v2\/categories?post=10307"},{"taxonomy":"post_tag","embeddable":true,"href":"https:\/\/www.gold.fr\/news\/wp-json\/wp\/v2\/tags?post=10307"},{"taxonomy":"author","embeddable":true,"href":"https:\/\/www.gold.fr\/news\/wp-json\/wp\/v2\/ppma_author?post=10307"}],"curies":[{"name":"wp","href":"https:\/\/api.w.org\/{rel}","templated":true}]}}