{"id":10302,"date":"2012-12-24T17:00:36","date_gmt":"2012-12-24T16:00:36","guid":{"rendered":"https:\/\/www.gold.fr\/news\/?p=10302"},"modified":"2021-09-10T16:09:33","modified_gmt":"2021-09-10T14:09:33","slug":"une-correction-imposee-par-lindecision-des-marches","status":"publish","type":"post","link":"https:\/\/www.gold.fr\/news\/2012\/12\/24\/une-correction-imposee-par-lindecision-des-marches\/","title":{"rendered":"Une correction impos\u00e9e par l\u2019ind\u00e9cision des march\u00e9s"},"content":{"rendered":"<p><span style=\"font-size: small;\"><img loading=\"lazy\" decoding=\"async\" class=\"alignleft size-thumbnail wp-image-2846\" title=\"Une correction impos\u00e9e par l\u2019ind\u00e9cision des march\u00e9s\" src=\"https:\/\/www.gold.fr\/news\/wp-content\/uploads\/2011\/10\/Nouvelle-vague-de-corrections-pour-l\u2019or-\u2013-Les-raisons-e1319461616153.jpg\" alt=\"\" width=\"150\" height=\"150\" \/>C&rsquo;est une semaine tr\u00e8s ind\u00e9cise sur les march\u00e9s d&rsquo;investissement, marqu\u00e9e essentiellement par les incertitudes relatives \u00e0 l&rsquo;annonce d&rsquo;un nouveau plan de soutien \u00e0 l&rsquo;\u00e9conomie am\u00e9ricaine de la part de la <strong>R\u00e9serve F\u00e9d\u00e9rale Am\u00e9ricaine<\/strong> (Fed).<\/span> <span style=\"font-size: small;\">L&rsquo;organisation am\u00e9ricaine avait annonc\u00e9 son intention de poursuivre sa politique mon\u00e9taire de la <strong>Quantitative Easing<\/strong> au mois de <strong>janvier 2013<\/strong>, tout en activant une op\u00e9ration de rachats d&rsquo;obligations d&rsquo;Etat \u00e0 fr\u00e9quence de <strong>45 milliards de dollars<\/strong> mensuels. Quant au taux directeur de la FED, il demeurera compris dans une fourchette allant de <strong>0<\/strong> \u00e0 <strong>0.25%<\/strong>, en attendant que le taux de ch\u00f4mage atteigne \u00e0 nouveau les <strong>6.5%<\/strong>.<\/span> <span style=\"font-size: small;\">En d\u00e9pit de ces mesures -rassurantes dans l&rsquo;ensemble-, les intervenants et analystes du march\u00e9 restent m\u00e9fiants quant \u00e0 la situation am\u00e9ricaine dans sa globalit\u00e9. Les experts de <strong>Saxo Banque<\/strong> rapportent d&rsquo;ailleurs que \u00ab <em>le pr\u00e9sident de la Fed, Ben Bernanke, a rappel\u00e9 aux diplomates am\u00e9ricains de parvenir le plus rapidement possible \u00e0 un accord concernant le budget am\u00e9ricain pour ne pas enrayer la reprise \u00e9conomique actuelle (\u2026)<\/em>\u00bb. Ils commentaient \u00e9galement que \u00ab <em>apr\u00e8s plusieurs <a title=\"Or et hausse \u2013 Les facteurs de reprise\" href=\"https:\/\/www.gold.fr\/news\/2012\/12\/20\/or-et-hausse-les-facteurs-de-reprise\/10285\/\" target=\"_blank\" rel=\"noopener\">s\u00e9ances cons\u00e9cutives de hauss<\/a>e, les investisseurs ont profit\u00e9 de cette s\u00e9ance sans grands volumes d&rsquo;\u00e9changes pour vendre et encaisser leurs b\u00e9n\u00e9fices<\/em> \u00bb.<\/span> <span style=\"font-size: small;\">Dans ce climat d&rsquo;incertitude, le <a class=\"esk-seo-plu-link\" href=\"https:\/\/www.gold.fr\/news\/tags\/or\">m\u00e9tal jaune<\/a> a rapidement surmont\u00e9 la correction subie la semaine derni\u00e8re et reprend d\u00e9j\u00e0 un chemin ascendant, cl\u00f4turant ainsi sa <a title=\"L\u2019or r\u00e9ussit sa douzi\u00e8me ann\u00e9e cons\u00e9cutive de progression\" href=\"https:\/\/www.gold.fr\/news\/2012\/12\/07\/lor-reussit-sa-douzieme-annee-consecutive-de-progression\/10076\/\" target=\"_blank\" rel=\"noopener\">12\u00e8me ann\u00e9e cons\u00e9cutive de hausse<\/a>.<\/span><\/p>\n<!-- AddThis Advanced Settings generic via filter on the_content --><!-- AddThis Share Buttons generic via filter on the_content -->","protected":false},"excerpt":{"rendered":"<p>C&rsquo;est une semaine tr\u00e8s ind\u00e9cise sur les march\u00e9s d&rsquo;investissement, marqu\u00e9e essentiellement par les incertitudes relatives \u00e0 l&rsquo;annonce d&rsquo;un nouveau plan de soutien \u00e0 l&rsquo;\u00e9conomie am\u00e9ricaine de la part de la R\u00e9serve F\u00e9d\u00e9rale Am\u00e9ricaine (Fed). L&rsquo;organisation am\u00e9ricaine [&hellip;]<\/p>\n","protected":false},"author":18,"featured_media":3004,"comment_status":"closed","ping_status":"closed","sticky":false,"template":"","format":"standard","meta":{"_mbp_gutenberg_autopost":false,"_pgmb_is_evergreen":false,"_pgmb_ap_template_id":0,"footnotes":""},"categories":[6],"tags":[90,940,144],"ppma_author":[2565],"class_list":["post-10302","post","type-post","status-publish","format-standard","has-post-thumbnail","hentry","category-articles-de-presse","tag-correction-de-lor","tag-economie-americaine","tag-fed"],"yoast_head":"<!-- This site is optimized with the Yoast SEO plugin v26.9 - https:\/\/yoast.com\/product\/yoast-seo-wordpress\/ -->\n<title>Une correction impos\u00e9e par l\u2019ind\u00e9cision des march\u00e9s - Gold.fr<\/title>\n<meta name=\"robots\" content=\"index, follow, max-snippet:-1, max-image-preview:large, max-video-preview:-1\" \/>\n<link rel=\"canonical\" href=\"https:\/\/www.gold.fr\/news\/2012\/12\/24\/une-correction-imposee-par-lindecision-des-marches\/\" \/>\n<meta property=\"og:locale\" content=\"fr_FR\" \/>\n<meta property=\"og:type\" content=\"article\" \/>\n<meta property=\"og:title\" content=\"Une correction impos\u00e9e par l\u2019ind\u00e9cision des march\u00e9s - Gold.fr\" \/>\n<meta property=\"og:description\" content=\"C&rsquo;est une semaine tr\u00e8s ind\u00e9cise sur les march\u00e9s d&rsquo;investissement, marqu\u00e9e essentiellement par les incertitudes relatives \u00e0 l&rsquo;annonce d&rsquo;un nouveau plan de soutien \u00e0 l&rsquo;\u00e9conomie am\u00e9ricaine de la part de la R\u00e9serve F\u00e9d\u00e9rale Am\u00e9ricaine (Fed). L&rsquo;organisation am\u00e9ricaine [&hellip;]\" \/>\n<meta property=\"og:url\" content=\"https:\/\/www.gold.fr\/news\/2012\/12\/24\/une-correction-imposee-par-lindecision-des-marches\/\" \/>\n<meta property=\"og:site_name\" content=\"Gold.fr\" \/>\n<meta property=\"article:publisher\" content=\"https:\/\/www.facebook.com\/Goldfr\/\" \/>\n<meta property=\"article:published_time\" content=\"2012-12-24T16:00:36+00:00\" \/>\n<meta property=\"article:modified_time\" content=\"2021-09-10T14:09:33+00:00\" \/>\n<meta property=\"og:image\" content=\"https:\/\/www.gold.fr\/news\/wp-content\/uploads\/2011\/10\/Nouvelle-vague-de-corrections-pour-l\u2019or-\u2013-Les-raisons-e1319461616153.jpg\" \/>\n\t<meta property=\"og:image:width\" content=\"600\" \/>\n\t<meta property=\"og:image:height\" content=\"475\" \/>\n\t<meta property=\"og:image:type\" content=\"image\/jpeg\" \/>\n<meta name=\"author\" content=\"Comptoir National de l&#039;Or\" \/>\n<meta name=\"twitter:card\" content=\"summary_large_image\" \/>\n<meta name=\"twitter:label1\" content=\"\u00c9crit par\" \/>\n\t<meta name=\"twitter:data1\" content=\"Comptoir National de l&#039;Or\" \/>\n\t<meta name=\"twitter:label2\" content=\"Dur\u00e9e de lecture estim\u00e9e\" \/>\n\t<meta name=\"twitter:data2\" content=\"1 minute\" \/>\n<script type=\"application\/ld+json\" class=\"yoast-schema-graph\">{\"@context\":\"https:\/\/schema.org\",\"@graph\":[{\"@type\":\"Article\",\"@id\":\"https:\/\/www.gold.fr\/news\/2012\/12\/24\/une-correction-imposee-par-lindecision-des-marches\/#article\",\"isPartOf\":{\"@id\":\"https:\/\/www.gold.fr\/news\/2012\/12\/24\/une-correction-imposee-par-lindecision-des-marches\/\"},\"author\":{\"name\":\"Comptoir National de l'Or\",\"@id\":\"https:\/\/www.gold.fr\/news\/#\/schema\/person\/760ee7cec237915eebf2be78df0404c4\"},\"headline\":\"Une correction impos\u00e9e par l\u2019ind\u00e9cision des march\u00e9s\",\"datePublished\":\"2012-12-24T16:00:36+00:00\",\"dateModified\":\"2021-09-10T14:09:33+00:00\",\"mainEntityOfPage\":{\"@id\":\"https:\/\/www.gold.fr\/news\/2012\/12\/24\/une-correction-imposee-par-lindecision-des-marches\/\"},\"wordCount\":266,\"image\":{\"@id\":\"https:\/\/www.gold.fr\/news\/2012\/12\/24\/une-correction-imposee-par-lindecision-des-marches\/#primaryimage\"},\"thumbnailUrl\":\"https:\/\/www.gold.fr\/news\/wp-content\/uploads\/2011\/10\/Nouvelle-vague-de-corrections-pour-l\u2019or-\u2013-Les-raisons-e1319461616153.jpg\",\"keywords\":[\"correction de l'or\",\"\u00e9conomie am\u00e9ricaine\",\"fed\"],\"articleSection\":[\"Articles de presse\"],\"inLanguage\":\"fr-FR\"},{\"@type\":\"WebPage\",\"@id\":\"https:\/\/www.gold.fr\/news\/2012\/12\/24\/une-correction-imposee-par-lindecision-des-marches\/\",\"url\":\"https:\/\/www.gold.fr\/news\/2012\/12\/24\/une-correction-imposee-par-lindecision-des-marches\/\",\"name\":\"Une correction impos\u00e9e par l\u2019ind\u00e9cision des march\u00e9s - Gold.fr\",\"isPartOf\":{\"@id\":\"https:\/\/www.gold.fr\/news\/#website\"},\"primaryImageOfPage\":{\"@id\":\"https:\/\/www.gold.fr\/news\/2012\/12\/24\/une-correction-imposee-par-lindecision-des-marches\/#primaryimage\"},\"image\":{\"@id\":\"https:\/\/www.gold.fr\/news\/2012\/12\/24\/une-correction-imposee-par-lindecision-des-marches\/#primaryimage\"},\"thumbnailUrl\":\"https:\/\/www.gold.fr\/news\/wp-content\/uploads\/2011\/10\/Nouvelle-vague-de-corrections-pour-l\u2019or-\u2013-Les-raisons-e1319461616153.jpg\",\"datePublished\":\"2012-12-24T16:00:36+00:00\",\"dateModified\":\"2021-09-10T14:09:33+00:00\",\"author\":{\"@id\":\"https:\/\/www.gold.fr\/news\/#\/schema\/person\/760ee7cec237915eebf2be78df0404c4\"},\"breadcrumb\":{\"@id\":\"https:\/\/www.gold.fr\/news\/2012\/12\/24\/une-correction-imposee-par-lindecision-des-marches\/#breadcrumb\"},\"inLanguage\":\"fr-FR\",\"potentialAction\":[{\"@type\":\"ReadAction\",\"target\":[\"https:\/\/www.gold.fr\/news\/2012\/12\/24\/une-correction-imposee-par-lindecision-des-marches\/\"]}]},{\"@type\":\"ImageObject\",\"inLanguage\":\"fr-FR\",\"@id\":\"https:\/\/www.gold.fr\/news\/2012\/12\/24\/une-correction-imposee-par-lindecision-des-marches\/#primaryimage\",\"url\":\"https:\/\/www.gold.fr\/news\/wp-content\/uploads\/2011\/10\/Nouvelle-vague-de-corrections-pour-l\u2019or-\u2013-Les-raisons-e1319461616153.jpg\",\"contentUrl\":\"https:\/\/www.gold.fr\/news\/wp-content\/uploads\/2011\/10\/Nouvelle-vague-de-corrections-pour-l\u2019or-\u2013-Les-raisons-e1319461616153.jpg\",\"width\":\"600\",\"height\":\"475\",\"caption\":\"KINTSUGI : De l\u2019or pour glorifier la beaut\u00e9 des fissures\"},{\"@type\":\"BreadcrumbList\",\"@id\":\"https:\/\/www.gold.fr\/news\/2012\/12\/24\/une-correction-imposee-par-lindecision-des-marches\/#breadcrumb\",\"itemListElement\":[{\"@type\":\"ListItem\",\"position\":1,\"name\":\"Accueil\",\"item\":\"https:\/\/www.gold.fr\/\"},{\"@type\":\"ListItem\",\"position\":2,\"name\":\"Actualit\u00e9s\",\"item\":\"https:\/\/www.gold.fr\/news\/\"},{\"@type\":\"ListItem\",\"position\":3,\"name\":\"Une correction impos\u00e9e par l\u2019ind\u00e9cision des march\u00e9s\"}]},{\"@type\":\"WebSite\",\"@id\":\"https:\/\/www.gold.fr\/news\/#website\",\"url\":\"https:\/\/www.gold.fr\/news\/\",\"name\":\"Gold.fr\",\"description\":\"Actualit\u00e9s de l&#039;Or et des m\u00e9taux pr\u00e9cieux\",\"potentialAction\":[{\"@type\":\"SearchAction\",\"target\":{\"@type\":\"EntryPoint\",\"urlTemplate\":\"https:\/\/www.gold.fr\/news\/?s={search_term_string}\"},\"query-input\":{\"@type\":\"PropertyValueSpecification\",\"valueRequired\":true,\"valueName\":\"search_term_string\"}}],\"inLanguage\":\"fr-FR\"},{\"@type\":\"Person\",\"@id\":\"https:\/\/www.gold.fr\/news\/#\/schema\/person\/760ee7cec237915eebf2be78df0404c4\",\"name\":\"Comptoir National de l'Or\",\"image\":{\"@type\":\"ImageObject\",\"inLanguage\":\"fr-FR\",\"@id\":\"https:\/\/www.gold.fr\/news\/#\/schema\/person\/image\/c36675942654553a86039d2dfa93c740\",\"url\":\"https:\/\/secure.gravatar.com\/avatar\/713f289e398d35ead876c4a4cc08607f0d6d266058cfc25683fffb6092d0e572?s=96&d=mm&r=g\",\"contentUrl\":\"https:\/\/secure.gravatar.com\/avatar\/713f289e398d35ead876c4a4cc08607f0d6d266058cfc25683fffb6092d0e572?s=96&d=mm&r=g\",\"caption\":\"Comptoir National de l'Or\"},\"description\":\"Notre r\u00e9daction est constitu\u00e9e de membres experts dans les m\u00e9tiers de l'\u00e9conomie et la gestion, des Responsables d'agence Comptoir National de l'Or, des analystes financiers qui publient r\u00e9guli\u00e8rement des \u00e9tudes sur les politiques des banques centrales, le cours de l'or, prix de l'or, cours de l'argent, prix de l'argent, cours du platine, cours du palladium,... la situation en zone euro et l'impact de la strat\u00e9gie mon\u00e9taire de la FED. Notre \u00e9quipe scrute \u00e9galement une information plus g\u00e9n\u00e9raliste \u00e0 la recherche d'actualit\u00e9 \\\"p\u00e9pite\\\" \u00e0 vous partager. Depuis 5 ans, nous avons publi\u00e9 un peu plus de 4000 articles qui s'adressent \u00e0 un public large et vari\u00e9 ayant pour objectif de satisfaire votre curiosit\u00e9 et de partager avec vous une certaine fascination pour le m\u00e9tal jaune, le rachat d'or, et pour ceux qui veulent investir dans l'or, vendre leur or tout simplement en savoir plus... Pour tous vos achat or et argent, n'h\u00e9sitez pas \u00e0 prendre rendez-vous dans l'un de nos nombreux comptoirs.\",\"sameAs\":[\"https:\/\/www.gold.fr\"]}]}<\/script>\n<!-- \/ Yoast SEO plugin. -->","yoast_head_json":{"title":"Une correction impos\u00e9e par l\u2019ind\u00e9cision des march\u00e9s - Gold.fr","robots":{"index":"index","follow":"follow","max-snippet":"max-snippet:-1","max-image-preview":"max-image-preview:large","max-video-preview":"max-video-preview:-1"},"canonical":"https:\/\/www.gold.fr\/news\/2012\/12\/24\/une-correction-imposee-par-lindecision-des-marches\/","og_locale":"fr_FR","og_type":"article","og_title":"Une correction impos\u00e9e par l\u2019ind\u00e9cision des march\u00e9s - Gold.fr","og_description":"C&rsquo;est une semaine tr\u00e8s ind\u00e9cise sur les march\u00e9s d&rsquo;investissement, marqu\u00e9e essentiellement par les incertitudes relatives \u00e0 l&rsquo;annonce d&rsquo;un nouveau plan de soutien \u00e0 l&rsquo;\u00e9conomie am\u00e9ricaine de la part de la R\u00e9serve F\u00e9d\u00e9rale Am\u00e9ricaine (Fed). L&rsquo;organisation am\u00e9ricaine [&hellip;]","og_url":"https:\/\/www.gold.fr\/news\/2012\/12\/24\/une-correction-imposee-par-lindecision-des-marches\/","og_site_name":"Gold.fr","article_publisher":"https:\/\/www.facebook.com\/Goldfr\/","article_published_time":"2012-12-24T16:00:36+00:00","article_modified_time":"2021-09-10T14:09:33+00:00","og_image":[{"width":600,"height":475,"url":"https:\/\/www.gold.fr\/news\/wp-content\/uploads\/2011\/10\/Nouvelle-vague-de-corrections-pour-l\u2019or-\u2013-Les-raisons-e1319461616153.jpg","type":"image\/jpeg"}],"author":"Comptoir National de l'Or","twitter_card":"summary_large_image","twitter_misc":{"\u00c9crit par":"Comptoir National de l'Or","Dur\u00e9e de lecture estim\u00e9e":"1 minute"},"schema":{"@context":"https:\/\/schema.org","@graph":[{"@type":"Article","@id":"https:\/\/www.gold.fr\/news\/2012\/12\/24\/une-correction-imposee-par-lindecision-des-marches\/#article","isPartOf":{"@id":"https:\/\/www.gold.fr\/news\/2012\/12\/24\/une-correction-imposee-par-lindecision-des-marches\/"},"author":{"name":"Comptoir National de l'Or","@id":"https:\/\/www.gold.fr\/news\/#\/schema\/person\/760ee7cec237915eebf2be78df0404c4"},"headline":"Une correction impos\u00e9e par l\u2019ind\u00e9cision des march\u00e9s","datePublished":"2012-12-24T16:00:36+00:00","dateModified":"2021-09-10T14:09:33+00:00","mainEntityOfPage":{"@id":"https:\/\/www.gold.fr\/news\/2012\/12\/24\/une-correction-imposee-par-lindecision-des-marches\/"},"wordCount":266,"image":{"@id":"https:\/\/www.gold.fr\/news\/2012\/12\/24\/une-correction-imposee-par-lindecision-des-marches\/#primaryimage"},"thumbnailUrl":"https:\/\/www.gold.fr\/news\/wp-content\/uploads\/2011\/10\/Nouvelle-vague-de-corrections-pour-l\u2019or-\u2013-Les-raisons-e1319461616153.jpg","keywords":["correction de l'or","\u00e9conomie am\u00e9ricaine","fed"],"articleSection":["Articles de presse"],"inLanguage":"fr-FR"},{"@type":"WebPage","@id":"https:\/\/www.gold.fr\/news\/2012\/12\/24\/une-correction-imposee-par-lindecision-des-marches\/","url":"https:\/\/www.gold.fr\/news\/2012\/12\/24\/une-correction-imposee-par-lindecision-des-marches\/","name":"Une correction impos\u00e9e par l\u2019ind\u00e9cision des march\u00e9s - Gold.fr","isPartOf":{"@id":"https:\/\/www.gold.fr\/news\/#website"},"primaryImageOfPage":{"@id":"https:\/\/www.gold.fr\/news\/2012\/12\/24\/une-correction-imposee-par-lindecision-des-marches\/#primaryimage"},"image":{"@id":"https:\/\/www.gold.fr\/news\/2012\/12\/24\/une-correction-imposee-par-lindecision-des-marches\/#primaryimage"},"thumbnailUrl":"https:\/\/www.gold.fr\/news\/wp-content\/uploads\/2011\/10\/Nouvelle-vague-de-corrections-pour-l\u2019or-\u2013-Les-raisons-e1319461616153.jpg","datePublished":"2012-12-24T16:00:36+00:00","dateModified":"2021-09-10T14:09:33+00:00","author":{"@id":"https:\/\/www.gold.fr\/news\/#\/schema\/person\/760ee7cec237915eebf2be78df0404c4"},"breadcrumb":{"@id":"https:\/\/www.gold.fr\/news\/2012\/12\/24\/une-correction-imposee-par-lindecision-des-marches\/#breadcrumb"},"inLanguage":"fr-FR","potentialAction":[{"@type":"ReadAction","target":["https:\/\/www.gold.fr\/news\/2012\/12\/24\/une-correction-imposee-par-lindecision-des-marches\/"]}]},{"@type":"ImageObject","inLanguage":"fr-FR","@id":"https:\/\/www.gold.fr\/news\/2012\/12\/24\/une-correction-imposee-par-lindecision-des-marches\/#primaryimage","url":"https:\/\/www.gold.fr\/news\/wp-content\/uploads\/2011\/10\/Nouvelle-vague-de-corrections-pour-l\u2019or-\u2013-Les-raisons-e1319461616153.jpg","contentUrl":"https:\/\/www.gold.fr\/news\/wp-content\/uploads\/2011\/10\/Nouvelle-vague-de-corrections-pour-l\u2019or-\u2013-Les-raisons-e1319461616153.jpg","width":"600","height":"475","caption":"KINTSUGI : De l\u2019or pour glorifier la beaut\u00e9 des fissures"},{"@type":"BreadcrumbList","@id":"https:\/\/www.gold.fr\/news\/2012\/12\/24\/une-correction-imposee-par-lindecision-des-marches\/#breadcrumb","itemListElement":[{"@type":"ListItem","position":1,"name":"Accueil","item":"https:\/\/www.gold.fr\/"},{"@type":"ListItem","position":2,"name":"Actualit\u00e9s","item":"https:\/\/www.gold.fr\/news\/"},{"@type":"ListItem","position":3,"name":"Une correction impos\u00e9e par l\u2019ind\u00e9cision des march\u00e9s"}]},{"@type":"WebSite","@id":"https:\/\/www.gold.fr\/news\/#website","url":"https:\/\/www.gold.fr\/news\/","name":"Gold.fr","description":"Actualit\u00e9s de l&#039;Or et des m\u00e9taux pr\u00e9cieux","potentialAction":[{"@type":"SearchAction","target":{"@type":"EntryPoint","urlTemplate":"https:\/\/www.gold.fr\/news\/?s={search_term_string}"},"query-input":{"@type":"PropertyValueSpecification","valueRequired":true,"valueName":"search_term_string"}}],"inLanguage":"fr-FR"},{"@type":"Person","@id":"https:\/\/www.gold.fr\/news\/#\/schema\/person\/760ee7cec237915eebf2be78df0404c4","name":"Comptoir National de l'Or","image":{"@type":"ImageObject","inLanguage":"fr-FR","@id":"https:\/\/www.gold.fr\/news\/#\/schema\/person\/image\/c36675942654553a86039d2dfa93c740","url":"https:\/\/secure.gravatar.com\/avatar\/713f289e398d35ead876c4a4cc08607f0d6d266058cfc25683fffb6092d0e572?s=96&d=mm&r=g","contentUrl":"https:\/\/secure.gravatar.com\/avatar\/713f289e398d35ead876c4a4cc08607f0d6d266058cfc25683fffb6092d0e572?s=96&d=mm&r=g","caption":"Comptoir National de l'Or"},"description":"Notre r\u00e9daction est constitu\u00e9e de membres experts dans les m\u00e9tiers de l'\u00e9conomie et la gestion, des Responsables d'agence Comptoir National de l'Or, des analystes financiers qui publient r\u00e9guli\u00e8rement des \u00e9tudes sur les politiques des banques centrales, le cours de l'or, prix de l'or, cours de l'argent, prix de l'argent, cours du platine, cours du palladium,... la situation en zone euro et l'impact de la strat\u00e9gie mon\u00e9taire de la FED. Notre \u00e9quipe scrute \u00e9galement une information plus g\u00e9n\u00e9raliste \u00e0 la recherche d'actualit\u00e9 \"p\u00e9pite\" \u00e0 vous partager. Depuis 5 ans, nous avons publi\u00e9 un peu plus de 4000 articles qui s'adressent \u00e0 un public large et vari\u00e9 ayant pour objectif de satisfaire votre curiosit\u00e9 et de partager avec vous une certaine fascination pour le m\u00e9tal jaune, le rachat d'or, et pour ceux qui veulent investir dans l'or, vendre leur or tout simplement en savoir plus... Pour tous vos achat or et argent, n'h\u00e9sitez pas \u00e0 prendre rendez-vous dans l'un de nos nombreux comptoirs.","sameAs":["https:\/\/www.gold.fr"]}]}},"authors":[{"term_id":2565,"user_id":18,"is_guest":0,"slug":"julie","display_name":"Comptoir National de l'Or","avatar_url":"https:\/\/secure.gravatar.com\/avatar\/713f289e398d35ead876c4a4cc08607f0d6d266058cfc25683fffb6092d0e572?s=96&d=mm&r=g","0":null,"1":"","2":"","3":"","4":"","5":"","6":"","7":"","8":""}],"_links":{"self":[{"href":"https:\/\/www.gold.fr\/news\/wp-json\/wp\/v2\/posts\/10302","targetHints":{"allow":["GET"]}}],"collection":[{"href":"https:\/\/www.gold.fr\/news\/wp-json\/wp\/v2\/posts"}],"about":[{"href":"https:\/\/www.gold.fr\/news\/wp-json\/wp\/v2\/types\/post"}],"author":[{"embeddable":true,"href":"https:\/\/www.gold.fr\/news\/wp-json\/wp\/v2\/users\/18"}],"replies":[{"embeddable":true,"href":"https:\/\/www.gold.fr\/news\/wp-json\/wp\/v2\/comments?post=10302"}],"version-history":[{"count":0,"href":"https:\/\/www.gold.fr\/news\/wp-json\/wp\/v2\/posts\/10302\/revisions"}],"wp:featuredmedia":[{"embeddable":true,"href":"https:\/\/www.gold.fr\/news\/wp-json\/wp\/v2\/media\/3004"}],"wp:attachment":[{"href":"https:\/\/www.gold.fr\/news\/wp-json\/wp\/v2\/media?parent=10302"}],"wp:term":[{"taxonomy":"category","embeddable":true,"href":"https:\/\/www.gold.fr\/news\/wp-json\/wp\/v2\/categories?post=10302"},{"taxonomy":"post_tag","embeddable":true,"href":"https:\/\/www.gold.fr\/news\/wp-json\/wp\/v2\/tags?post=10302"},{"taxonomy":"author","embeddable":true,"href":"https:\/\/www.gold.fr\/news\/wp-json\/wp\/v2\/ppma_author?post=10302"}],"curies":[{"name":"wp","href":"https:\/\/api.w.org\/{rel}","templated":true}]}}