{"id":10272,"date":"2012-12-18T09:00:26","date_gmt":"2012-12-18T08:00:26","guid":{"rendered":"https:\/\/www.gold.fr\/news\/?p=10272"},"modified":"2017-11-02T11:34:43","modified_gmt":"2017-11-02T10:34:43","slug":"des-mesures-tres-controversees-de-la-fed","status":"publish","type":"post","link":"https:\/\/www.gold.fr\/news\/2012\/12\/18\/des-mesures-tres-controversees-de-la-fed\/","title":{"rendered":"Des mesures tr\u00e8s controvers\u00e9es de la FED"},"content":{"rendered":"<p><span style=\"font-size: small;\"><img loading=\"lazy\" decoding=\"async\" class=\"alignleft size-thumbnail wp-image-10135\" title=\"Des mesures tr\u00e8s controvers\u00e9es de la FED\" src=\"https:\/\/www.gold.fr\/news\/wp-content\/uploads\/2010\/03\/dollar-150x150.jpg\" alt=\"\" width=\"150\" height=\"150\" \/>La d\u00e9cision a \u00e9t\u00e9 officiellement annonc\u00e9e <strong>mercredi 12 d\u00e9cembre<\/strong> ; la banque f\u00e9d\u00e9rale am\u00e9ricaine va augmenter davantage sa production mon\u00e9taire, dans l&rsquo;espoir de soutenir la reprise de l&rsquo;\u00e9conomie am\u00e9ricaine. Autre mesure majeure ; le bouleversement de sa communication relative \u00e0 l&rsquo;\u00e9volution de son taux directeur, au plus bas depuis <strong>4 ann\u00e9es<\/strong>.<\/span>    <span style=\"font-size: small;\">Le <strong>FOMC<\/strong> (Comit\u00e9 de politique mon\u00e9taire de la Fed) va \u00e9galement lancer un nouveau programme destin\u00e9 \u00e0 racheter des bons du Tr\u00e9sor \u00e0 long terme (\u00e0 commencer par le mois de <strong>janvier 2013<\/strong>). Le programme est d&rsquo;une valeur totale de <strong>45 milliards de dollars<\/strong> mensuels, avec une possibilit\u00e9 d&rsquo;ajustement ult\u00e9rieur, selon les circonstances. Notez que ce montant vient s&rsquo;ajouter aux <strong>40 milliards de dollars<\/strong> de titres \u00ab <em>adoss\u00e9s \u00e0 des cr\u00e9ances hypoth\u00e9caires que la R\u00e9serve f\u00e9d\u00e9rale ach\u00e8te sur les march\u00e9s<\/em> \u00bb mensuellement, depuis le mois de <strong>septembre 2012<\/strong>.<\/span>    <span style=\"font-size: small;\">Le Comit\u00e9 de politique mon\u00e9taire de la Fed rappelle tout de m\u00eame que ces rachats seront uniquement maintenus par la Banque Centrale am\u00e9ricaine \u00ab <em>tant que la perspective du march\u00e9 du travail ne s&rsquo;am\u00e9liorera pas nettement<\/em> \u00bb.<\/span>    <span style=\"font-size: small;\">Dans ce contexte, difficile de ne pas questionner les r\u00e9percussions directes et \u00e9videntes de ces mesures ; inonder les march\u00e9s de billets verts remet \u00e0 l&rsquo;ordre du jour la menace du cancer \u00e9conomique de l&rsquo;inflation. D&rsquo;o\u00f9, probablement, <a title=\"Or et consolidation \u2013 Les experts maintiennent la confiance\" href=\"https:\/\/www.gold.fr\/news\/2012\/12\/07\/or-et-consolidation-les-experts-maintiennent-la-confiance\/10078\/\" target=\"_blank\">les pr\u00e9visions haussi\u00e8res des experts<\/a> concernant le march\u00e9 aurif\u00e8re.<\/span>    <span style=\"font-size: small;\">Au bord de la crise, le monde \u00e9conomique a fort besoin d&rsquo;un bouclier solide et fiable. L&rsquo;<a href='https:\/\/www.gold.fr\/news\/tags\/or' class='esk-seo-plu-link'>or<\/a> demeure, \u00e0 ce niveau, une valeur imbattable.<\/span><\/p>\n<!-- AddThis Advanced Settings generic via filter on the_content --><!-- AddThis Share Buttons generic via filter on the_content -->","protected":false},"excerpt":{"rendered":"<p>La d\u00e9cision a \u00e9t\u00e9 officiellement annonc\u00e9e mercredi 12 d\u00e9cembre ; la banque f\u00e9d\u00e9rale am\u00e9ricaine va augmenter davantage sa production mon\u00e9taire, dans l&rsquo;espoir de soutenir la reprise de l&rsquo;\u00e9conomie am\u00e9ricaine. Autre mesure majeure ; le bouleversement de [&hellip;]<\/p>\n","protected":false},"author":18,"featured_media":10135,"comment_status":"open","ping_status":"open","sticky":false,"template":"","format":"standard","meta":{"_mbp_gutenberg_autopost":false,"_pgmb_is_evergreen":false,"_pgmb_ap_template_id":0,"footnotes":""},"categories":[6],"tags":[130,144,76],"ppma_author":[2565],"class_list":["post-10272","post","type-post","status-publish","format-standard","has-post-thumbnail","hentry","category-articles-de-presse","tag-crise-economique","tag-fed","tag-or"],"yoast_head":"<!-- This site is optimized with the Yoast SEO plugin v27.5 - https:\/\/yoast.com\/product\/yoast-seo-wordpress\/ -->\n<title>Des mesures tr\u00e8s controvers\u00e9es de la FED - Gold.fr<\/title>\n<meta name=\"robots\" content=\"index, follow, max-snippet:-1, max-image-preview:large, max-video-preview:-1\" \/>\n<link rel=\"canonical\" href=\"https:\/\/www.gold.fr\/news\/2012\/12\/18\/des-mesures-tres-controversees-de-la-fed\/\" \/>\n<meta property=\"og:locale\" content=\"fr_FR\" \/>\n<meta property=\"og:type\" content=\"article\" \/>\n<meta property=\"og:title\" content=\"Des mesures tr\u00e8s controvers\u00e9es de la FED - Gold.fr\" \/>\n<meta property=\"og:description\" content=\"La d\u00e9cision a \u00e9t\u00e9 officiellement annonc\u00e9e mercredi 12 d\u00e9cembre ; la banque f\u00e9d\u00e9rale am\u00e9ricaine va augmenter davantage sa production mon\u00e9taire, dans l&rsquo;espoir de soutenir la reprise de l&rsquo;\u00e9conomie am\u00e9ricaine. Autre mesure majeure ; le bouleversement de [&hellip;]\" \/>\n<meta property=\"og:url\" content=\"https:\/\/www.gold.fr\/news\/2012\/12\/18\/des-mesures-tres-controversees-de-la-fed\/\" \/>\n<meta property=\"og:site_name\" content=\"Gold.fr\" \/>\n<meta property=\"article:publisher\" content=\"https:\/\/www.facebook.com\/Goldfr\/\" \/>\n<meta property=\"article:published_time\" content=\"2012-12-18T08:00:26+00:00\" \/>\n<meta property=\"article:modified_time\" content=\"2017-11-02T10:34:43+00:00\" \/>\n<meta property=\"og:image\" content=\"https:\/\/www.gold.fr\/news\/wp-content\/uploads\/2010\/03\/dollar.jpg\" \/>\n\t<meta property=\"og:image:width\" content=\"600\" \/>\n\t<meta property=\"og:image:height\" content=\"450\" \/>\n\t<meta property=\"og:image:type\" content=\"image\/jpeg\" \/>\n<meta name=\"author\" content=\"Comptoir National de l&#039;Or\" \/>\n<meta name=\"twitter:card\" content=\"summary_large_image\" \/>\n<meta name=\"twitter:label1\" content=\"\u00c9crit par\" \/>\n\t<meta name=\"twitter:data1\" content=\"Comptoir National de l&#039;Or\" \/>\n\t<meta name=\"twitter:label2\" content=\"Dur\u00e9e de lecture estim\u00e9e\" \/>\n\t<meta name=\"twitter:data2\" content=\"1 minute\" \/>\n<script type=\"application\/ld+json\" class=\"yoast-schema-graph\">{\"@context\":\"https:\\\/\\\/schema.org\",\"@graph\":[{\"@type\":\"Article\",\"@id\":\"https:\\\/\\\/www.gold.fr\\\/news\\\/2012\\\/12\\\/18\\\/des-mesures-tres-controversees-de-la-fed\\\/#article\",\"isPartOf\":{\"@id\":\"https:\\\/\\\/www.gold.fr\\\/news\\\/2012\\\/12\\\/18\\\/des-mesures-tres-controversees-de-la-fed\\\/\"},\"author\":{\"name\":\"Comptoir National de l'Or\",\"@id\":\"https:\\\/\\\/www.gold.fr\\\/news\\\/#\\\/schema\\\/person\\\/070491b4b4fb7671bf59b3be20302ce9\"},\"headline\":\"Des mesures tr\u00e8s controvers\u00e9es de la FED\",\"datePublished\":\"2012-12-18T08:00:26+00:00\",\"dateModified\":\"2017-11-02T10:34:43+00:00\",\"mainEntityOfPage\":{\"@id\":\"https:\\\/\\\/www.gold.fr\\\/news\\\/2012\\\/12\\\/18\\\/des-mesures-tres-controversees-de-la-fed\\\/\"},\"wordCount\":276,\"commentCount\":0,\"image\":{\"@id\":\"https:\\\/\\\/www.gold.fr\\\/news\\\/2012\\\/12\\\/18\\\/des-mesures-tres-controversees-de-la-fed\\\/#primaryimage\"},\"thumbnailUrl\":\"https:\\\/\\\/www.gold.fr\\\/news\\\/wp-content\\\/uploads\\\/2010\\\/03\\\/dollar.jpg\",\"keywords\":[\"crise \u00e9conomique\",\"fed\",\"Or\"],\"articleSection\":[\"Articles de presse\"],\"inLanguage\":\"fr-FR\"},{\"@type\":\"WebPage\",\"@id\":\"https:\\\/\\\/www.gold.fr\\\/news\\\/2012\\\/12\\\/18\\\/des-mesures-tres-controversees-de-la-fed\\\/\",\"url\":\"https:\\\/\\\/www.gold.fr\\\/news\\\/2012\\\/12\\\/18\\\/des-mesures-tres-controversees-de-la-fed\\\/\",\"name\":\"Des mesures tr\u00e8s controvers\u00e9es de la FED - Gold.fr\",\"isPartOf\":{\"@id\":\"https:\\\/\\\/www.gold.fr\\\/news\\\/#website\"},\"primaryImageOfPage\":{\"@id\":\"https:\\\/\\\/www.gold.fr\\\/news\\\/2012\\\/12\\\/18\\\/des-mesures-tres-controversees-de-la-fed\\\/#primaryimage\"},\"image\":{\"@id\":\"https:\\\/\\\/www.gold.fr\\\/news\\\/2012\\\/12\\\/18\\\/des-mesures-tres-controversees-de-la-fed\\\/#primaryimage\"},\"thumbnailUrl\":\"https:\\\/\\\/www.gold.fr\\\/news\\\/wp-content\\\/uploads\\\/2010\\\/03\\\/dollar.jpg\",\"datePublished\":\"2012-12-18T08:00:26+00:00\",\"dateModified\":\"2017-11-02T10:34:43+00:00\",\"author\":{\"@id\":\"https:\\\/\\\/www.gold.fr\\\/news\\\/#\\\/schema\\\/person\\\/070491b4b4fb7671bf59b3be20302ce9\"},\"breadcrumb\":{\"@id\":\"https:\\\/\\\/www.gold.fr\\\/news\\\/2012\\\/12\\\/18\\\/des-mesures-tres-controversees-de-la-fed\\\/#breadcrumb\"},\"inLanguage\":\"fr-FR\",\"potentialAction\":[{\"@type\":\"ReadAction\",\"target\":[\"https:\\\/\\\/www.gold.fr\\\/news\\\/2012\\\/12\\\/18\\\/des-mesures-tres-controversees-de-la-fed\\\/\"]}]},{\"@type\":\"ImageObject\",\"inLanguage\":\"fr-FR\",\"@id\":\"https:\\\/\\\/www.gold.fr\\\/news\\\/2012\\\/12\\\/18\\\/des-mesures-tres-controversees-de-la-fed\\\/#primaryimage\",\"url\":\"https:\\\/\\\/www.gold.fr\\\/news\\\/wp-content\\\/uploads\\\/2010\\\/03\\\/dollar.jpg\",\"contentUrl\":\"https:\\\/\\\/www.gold.fr\\\/news\\\/wp-content\\\/uploads\\\/2010\\\/03\\\/dollar.jpg\",\"width\":\"600\",\"height\":\"450\",\"caption\":\"Un d\u00e9but de semaine tr\u00e8s calme\"},{\"@type\":\"BreadcrumbList\",\"@id\":\"https:\\\/\\\/www.gold.fr\\\/news\\\/2012\\\/12\\\/18\\\/des-mesures-tres-controversees-de-la-fed\\\/#breadcrumb\",\"itemListElement\":[{\"@type\":\"ListItem\",\"position\":1,\"name\":\"Accueil\",\"item\":\"https:\\\/\\\/www.gold.fr\\\/\"},{\"@type\":\"ListItem\",\"position\":2,\"name\":\"Actualit\u00e9s\",\"item\":\"https:\\\/\\\/www.gold.fr\\\/news\\\/\"},{\"@type\":\"ListItem\",\"position\":3,\"name\":\"Des mesures tr\u00e8s controvers\u00e9es de la FED\"}]},{\"@type\":\"WebSite\",\"@id\":\"https:\\\/\\\/www.gold.fr\\\/news\\\/#website\",\"url\":\"https:\\\/\\\/www.gold.fr\\\/news\\\/\",\"name\":\"Gold.fr\",\"description\":\"Actualit\u00e9s de l&#039;Or et des m\u00e9taux pr\u00e9cieux\",\"potentialAction\":[{\"@type\":\"SearchAction\",\"target\":{\"@type\":\"EntryPoint\",\"urlTemplate\":\"https:\\\/\\\/www.gold.fr\\\/news\\\/?s={search_term_string}\"},\"query-input\":{\"@type\":\"PropertyValueSpecification\",\"valueRequired\":true,\"valueName\":\"search_term_string\"}}],\"inLanguage\":\"fr-FR\"},{\"@type\":\"Person\",\"@id\":\"https:\\\/\\\/www.gold.fr\\\/news\\\/#\\\/schema\\\/person\\\/070491b4b4fb7671bf59b3be20302ce9\",\"name\":\"Comptoir National de l'Or\",\"image\":{\"@type\":\"ImageObject\",\"inLanguage\":\"fr-FR\",\"@id\":\"https:\\\/\\\/secure.gravatar.com\\\/avatar\\\/0a2867fd5abe37bed95d5a65e9d58f01756e11efc68af9888dfc50cfa7f65948?s=96&d=mm&r=gb490554db0a38188709de567aa58480d\",\"url\":\"https:\\\/\\\/secure.gravatar.com\\\/avatar\\\/0a2867fd5abe37bed95d5a65e9d58f01756e11efc68af9888dfc50cfa7f65948?s=96&d=mm&r=g\",\"contentUrl\":\"https:\\\/\\\/secure.gravatar.com\\\/avatar\\\/0a2867fd5abe37bed95d5a65e9d58f01756e11efc68af9888dfc50cfa7f65948?s=96&d=mm&r=g\",\"caption\":\"Comptoir National de l'Or\"},\"description\":\"Notre r\u00e9daction est constitu\u00e9e de membres experts dans les m\u00e9tiers de l'\u00e9conomie et la gestion, des Responsables d'agence Comptoir National de l'Or, des analystes financiers qui publient r\u00e9guli\u00e8rement des \u00e9tudes sur les politiques des banques centrales, le cours de l'or, prix de l'or, cours de l'argent, prix de l'argent, cours du platine, cours du palladium,... la situation en zone euro et l'impact de la strat\u00e9gie mon\u00e9taire de la FED. Notre \u00e9quipe scrute \u00e9galement une information plus g\u00e9n\u00e9raliste \u00e0 la recherche d'actualit\u00e9 \\\"p\u00e9pite\\\" \u00e0 vous partager. Depuis 5 ans, nous avons publi\u00e9 un peu plus de 4000 articles qui s'adressent \u00e0 un public large et vari\u00e9 ayant pour objectif de satisfaire votre curiosit\u00e9 et de partager avec vous une certaine fascination pour le m\u00e9tal jaune, le rachat d'or, et pour ceux qui veulent investir dans l'or, vendre leur or tout simplement en savoir plus... Pour tous vos achat or et argent, n'h\u00e9sitez pas \u00e0 prendre rendez-vous dans l'un de nos nombreux comptoirs.\",\"sameAs\":[\"https:\\\/\\\/www.gold.fr\"]}]}<\/script>\n<!-- \/ Yoast SEO plugin. -->","yoast_head_json":{"title":"Des mesures tr\u00e8s controvers\u00e9es de la FED - Gold.fr","robots":{"index":"index","follow":"follow","max-snippet":"max-snippet:-1","max-image-preview":"max-image-preview:large","max-video-preview":"max-video-preview:-1"},"canonical":"https:\/\/www.gold.fr\/news\/2012\/12\/18\/des-mesures-tres-controversees-de-la-fed\/","og_locale":"fr_FR","og_type":"article","og_title":"Des mesures tr\u00e8s controvers\u00e9es de la FED - Gold.fr","og_description":"La d\u00e9cision a \u00e9t\u00e9 officiellement annonc\u00e9e mercredi 12 d\u00e9cembre ; la banque f\u00e9d\u00e9rale am\u00e9ricaine va augmenter davantage sa production mon\u00e9taire, dans l&rsquo;espoir de soutenir la reprise de l&rsquo;\u00e9conomie am\u00e9ricaine. Autre mesure majeure ; le bouleversement de [&hellip;]","og_url":"https:\/\/www.gold.fr\/news\/2012\/12\/18\/des-mesures-tres-controversees-de-la-fed\/","og_site_name":"Gold.fr","article_publisher":"https:\/\/www.facebook.com\/Goldfr\/","article_published_time":"2012-12-18T08:00:26+00:00","article_modified_time":"2017-11-02T10:34:43+00:00","og_image":[{"width":600,"height":450,"url":"https:\/\/www.gold.fr\/news\/wp-content\/uploads\/2010\/03\/dollar.jpg","type":"image\/jpeg"}],"author":"Comptoir National de l'Or","twitter_card":"summary_large_image","twitter_misc":{"\u00c9crit par":"Comptoir National de l'Or","Dur\u00e9e de lecture estim\u00e9e":"1 minute"},"schema":{"@context":"https:\/\/schema.org","@graph":[{"@type":"Article","@id":"https:\/\/www.gold.fr\/news\/2012\/12\/18\/des-mesures-tres-controversees-de-la-fed\/#article","isPartOf":{"@id":"https:\/\/www.gold.fr\/news\/2012\/12\/18\/des-mesures-tres-controversees-de-la-fed\/"},"author":{"name":"Comptoir National de l'Or","@id":"https:\/\/www.gold.fr\/news\/#\/schema\/person\/070491b4b4fb7671bf59b3be20302ce9"},"headline":"Des mesures tr\u00e8s controvers\u00e9es de la FED","datePublished":"2012-12-18T08:00:26+00:00","dateModified":"2017-11-02T10:34:43+00:00","mainEntityOfPage":{"@id":"https:\/\/www.gold.fr\/news\/2012\/12\/18\/des-mesures-tres-controversees-de-la-fed\/"},"wordCount":276,"commentCount":0,"image":{"@id":"https:\/\/www.gold.fr\/news\/2012\/12\/18\/des-mesures-tres-controversees-de-la-fed\/#primaryimage"},"thumbnailUrl":"https:\/\/www.gold.fr\/news\/wp-content\/uploads\/2010\/03\/dollar.jpg","keywords":["crise \u00e9conomique","fed","Or"],"articleSection":["Articles de presse"],"inLanguage":"fr-FR"},{"@type":"WebPage","@id":"https:\/\/www.gold.fr\/news\/2012\/12\/18\/des-mesures-tres-controversees-de-la-fed\/","url":"https:\/\/www.gold.fr\/news\/2012\/12\/18\/des-mesures-tres-controversees-de-la-fed\/","name":"Des mesures tr\u00e8s controvers\u00e9es de la FED - Gold.fr","isPartOf":{"@id":"https:\/\/www.gold.fr\/news\/#website"},"primaryImageOfPage":{"@id":"https:\/\/www.gold.fr\/news\/2012\/12\/18\/des-mesures-tres-controversees-de-la-fed\/#primaryimage"},"image":{"@id":"https:\/\/www.gold.fr\/news\/2012\/12\/18\/des-mesures-tres-controversees-de-la-fed\/#primaryimage"},"thumbnailUrl":"https:\/\/www.gold.fr\/news\/wp-content\/uploads\/2010\/03\/dollar.jpg","datePublished":"2012-12-18T08:00:26+00:00","dateModified":"2017-11-02T10:34:43+00:00","author":{"@id":"https:\/\/www.gold.fr\/news\/#\/schema\/person\/070491b4b4fb7671bf59b3be20302ce9"},"breadcrumb":{"@id":"https:\/\/www.gold.fr\/news\/2012\/12\/18\/des-mesures-tres-controversees-de-la-fed\/#breadcrumb"},"inLanguage":"fr-FR","potentialAction":[{"@type":"ReadAction","target":["https:\/\/www.gold.fr\/news\/2012\/12\/18\/des-mesures-tres-controversees-de-la-fed\/"]}]},{"@type":"ImageObject","inLanguage":"fr-FR","@id":"https:\/\/www.gold.fr\/news\/2012\/12\/18\/des-mesures-tres-controversees-de-la-fed\/#primaryimage","url":"https:\/\/www.gold.fr\/news\/wp-content\/uploads\/2010\/03\/dollar.jpg","contentUrl":"https:\/\/www.gold.fr\/news\/wp-content\/uploads\/2010\/03\/dollar.jpg","width":"600","height":"450","caption":"Un d\u00e9but de semaine tr\u00e8s calme"},{"@type":"BreadcrumbList","@id":"https:\/\/www.gold.fr\/news\/2012\/12\/18\/des-mesures-tres-controversees-de-la-fed\/#breadcrumb","itemListElement":[{"@type":"ListItem","position":1,"name":"Accueil","item":"https:\/\/www.gold.fr\/"},{"@type":"ListItem","position":2,"name":"Actualit\u00e9s","item":"https:\/\/www.gold.fr\/news\/"},{"@type":"ListItem","position":3,"name":"Des mesures tr\u00e8s controvers\u00e9es de la FED"}]},{"@type":"WebSite","@id":"https:\/\/www.gold.fr\/news\/#website","url":"https:\/\/www.gold.fr\/news\/","name":"Gold.fr","description":"Actualit\u00e9s de l&#039;Or et des m\u00e9taux pr\u00e9cieux","potentialAction":[{"@type":"SearchAction","target":{"@type":"EntryPoint","urlTemplate":"https:\/\/www.gold.fr\/news\/?s={search_term_string}"},"query-input":{"@type":"PropertyValueSpecification","valueRequired":true,"valueName":"search_term_string"}}],"inLanguage":"fr-FR"},{"@type":"Person","@id":"https:\/\/www.gold.fr\/news\/#\/schema\/person\/070491b4b4fb7671bf59b3be20302ce9","name":"Comptoir National de l'Or","image":{"@type":"ImageObject","inLanguage":"fr-FR","@id":"https:\/\/secure.gravatar.com\/avatar\/0a2867fd5abe37bed95d5a65e9d58f01756e11efc68af9888dfc50cfa7f65948?s=96&d=mm&r=gb490554db0a38188709de567aa58480d","url":"https:\/\/secure.gravatar.com\/avatar\/0a2867fd5abe37bed95d5a65e9d58f01756e11efc68af9888dfc50cfa7f65948?s=96&d=mm&r=g","contentUrl":"https:\/\/secure.gravatar.com\/avatar\/0a2867fd5abe37bed95d5a65e9d58f01756e11efc68af9888dfc50cfa7f65948?s=96&d=mm&r=g","caption":"Comptoir National de l'Or"},"description":"Notre r\u00e9daction est constitu\u00e9e de membres experts dans les m\u00e9tiers de l'\u00e9conomie et la gestion, des Responsables d'agence Comptoir National de l'Or, des analystes financiers qui publient r\u00e9guli\u00e8rement des \u00e9tudes sur les politiques des banques centrales, le cours de l'or, prix de l'or, cours de l'argent, prix de l'argent, cours du platine, cours du palladium,... la situation en zone euro et l'impact de la strat\u00e9gie mon\u00e9taire de la FED. Notre \u00e9quipe scrute \u00e9galement une information plus g\u00e9n\u00e9raliste \u00e0 la recherche d'actualit\u00e9 \"p\u00e9pite\" \u00e0 vous partager. Depuis 5 ans, nous avons publi\u00e9 un peu plus de 4000 articles qui s'adressent \u00e0 un public large et vari\u00e9 ayant pour objectif de satisfaire votre curiosit\u00e9 et de partager avec vous une certaine fascination pour le m\u00e9tal jaune, le rachat d'or, et pour ceux qui veulent investir dans l'or, vendre leur or tout simplement en savoir plus... Pour tous vos achat or et argent, n'h\u00e9sitez pas \u00e0 prendre rendez-vous dans l'un de nos nombreux comptoirs.","sameAs":["https:\/\/www.gold.fr"]}]}},"authors":[{"term_id":2565,"user_id":18,"is_guest":0,"slug":"julie","display_name":"Comptoir National de l'Or","avatar_url":"https:\/\/secure.gravatar.com\/avatar\/713f289e398d35ead876c4a4cc08607f0d6d266058cfc25683fffb6092d0e572?s=96&d=mm&r=g","0":null,"1":"","2":"","3":"","4":"","5":"","6":"","7":"","8":""}],"_links":{"self":[{"href":"https:\/\/www.gold.fr\/news\/wp-json\/wp\/v2\/posts\/10272","targetHints":{"allow":["GET"]}}],"collection":[{"href":"https:\/\/www.gold.fr\/news\/wp-json\/wp\/v2\/posts"}],"about":[{"href":"https:\/\/www.gold.fr\/news\/wp-json\/wp\/v2\/types\/post"}],"author":[{"embeddable":true,"href":"https:\/\/www.gold.fr\/news\/wp-json\/wp\/v2\/users\/18"}],"replies":[{"embeddable":true,"href":"https:\/\/www.gold.fr\/news\/wp-json\/wp\/v2\/comments?post=10272"}],"version-history":[{"count":0,"href":"https:\/\/www.gold.fr\/news\/wp-json\/wp\/v2\/posts\/10272\/revisions"}],"wp:featuredmedia":[{"embeddable":true,"href":"https:\/\/www.gold.fr\/news\/wp-json\/wp\/v2\/media\/10135"}],"wp:attachment":[{"href":"https:\/\/www.gold.fr\/news\/wp-json\/wp\/v2\/media?parent=10272"}],"wp:term":[{"taxonomy":"category","embeddable":true,"href":"https:\/\/www.gold.fr\/news\/wp-json\/wp\/v2\/categories?post=10272"},{"taxonomy":"post_tag","embeddable":true,"href":"https:\/\/www.gold.fr\/news\/wp-json\/wp\/v2\/tags?post=10272"},{"taxonomy":"author","embeddable":true,"href":"https:\/\/www.gold.fr\/news\/wp-json\/wp\/v2\/ppma_author?post=10272"}],"curies":[{"name":"wp","href":"https:\/\/api.w.org\/{rel}","templated":true}]}}