{"id":10123,"date":"2012-12-13T17:00:18","date_gmt":"2012-12-13T16:00:18","guid":{"rendered":"https:\/\/www.gold.fr\/news\/?p=10123"},"modified":"2017-11-02T11:34:44","modified_gmt":"2017-11-02T10:34:44","slug":"la-conjoncture-monetairefiscale-soutient-lor","status":"publish","type":"post","link":"https:\/\/www.gold.fr\/news\/2012\/12\/13\/la-conjoncture-monetairefiscale-soutient-lor\/","title":{"rendered":"La conjoncture mon\u00e9taire\/fiscale soutient l\u2019or"},"content":{"rendered":"<p><span style=\"font-size: small;\"><img loading=\"lazy\" decoding=\"async\" class=\"alignleft size-thumbnail wp-image-444\" title=\"La conjoncture mon\u00e9taire\/fiscale soutient l\u2019or\" src=\"https:\/\/www.gold.fr\/news\/wp-content\/uploads\/2011\/07\/1-150x150.jpg\" alt=\"\" width=\"150\" height=\"150\" \/>Pour la plupart des intervenants du march\u00e9 d&rsquo;investissement, croire en la valeur du <a href='https:\/\/www.gold.fr\/news\/tags\/or' class='esk-seo-plu-link'>m\u00e9tal jaune<\/a> rel\u00e8ve d\u00e9sormais de l&rsquo;\u00e9vidence. Mais, pour <strong>Dimitri Meyer<\/strong>, analyste de la soci\u00e9t\u00e9 de gestion <strong>SPGP<\/strong>, cette foi se traduit par des pr\u00e9visions des plus confiantes, puisqu&rsquo;il estime que \u00ab <em>les fondamentaux n&rsquo;ont pas chang\u00e9<\/em> \u00bb, ajoutant \u00e9galement qu&rsquo;il est certain que \u00ab <em>l&rsquo;on va casser le plus haut historique<\/em> \u00bb. il affirme aussi qu&rsquo;il ne serait pas surpris que l&rsquo;on d\u00e9passe les <strong>2.000 dollars<\/strong> <a title=\"Prix de l'Once d'Or\" href=\"https:\/\/www.gold.fr\/once-en\/\" target=\"_blank\">l&rsquo;once<\/a> en <strong>2013<\/strong>.<\/span>    <span style=\"font-size: small;\">Selon <strong>Meyer<\/strong>, la premi\u00e8re explication purement technique \u00e0 <a title=\"Piliers de la hausse de l\u2019or \u2013 R\u00e9partition des r\u00f4les\" href=\"https:\/\/www.gold.fr\/news\/2012\/12\/10\/piliers-de-la-hausse-de-lor-repartition-des-roles\/10080\/\" target=\"_blank\">cette hausse instoppable<\/a> est la faiblesse des taux d&rsquo;int\u00e9r\u00eat, puisqu&rsquo;il rappelle que \u00ab\u00a0<em>on a des taux d&rsquo;int\u00e9r\u00eat r\u00e9els n\u00e9gatifs dans les principaux pays consommateurs d&rsquo;<a href='https:\/\/www.gold.fr\/news\/tags\/or' class='esk-seo-plu-link'>or<\/a> comme les \u00c9tats-Unis, l&rsquo;Inde, la Chine ou l&rsquo;Allemagne, ce qui est tr\u00e8s bon pour l&rsquo;<a href='https:\/\/www.gold.fr\/news\/tags\/or' class='esk-seo-plu-link'>or<\/a><\/em>\u00ab\u00a0. La <strong>Fed<\/strong> ayant indiqu\u00e9 que les taux d&rsquo;int\u00e9r\u00eat allaient rester tr\u00e8s faibles jusqu&rsquo;\u00e0 mi-2015, cela implique forc\u00e9ment que la relique barbare va continuer \u00e0 b\u00e9n\u00e9ficier de cette strat\u00e9gie mon\u00e9taire am\u00e9ricaine tr\u00e8s accommodante. Sans compter que cette m\u00eame strat\u00e9gie a le don de ternir consid\u00e9rablement le vert du billet am\u00e9ricain, boostant automatiquement <a title=\"Prix de l'Or\" href=\"https:\/\/www.gold.fr\/cours-prix-de-l-or\/\" target=\"_blank\">le prix de l\u2019or<\/a>.<\/span>    <span style=\"font-size: small;\">Mais la <strong>FED<\/strong> n&rsquo;a pas le monopole des politiques officielles accommodantes et avantageuses \u00e0 l&rsquo;<a href='https:\/\/www.gold.fr\/news\/tags\/or' class='esk-seo-plu-link'>or<\/a>. En France, <a title=\"Fran\u00e7ais et syst\u00e8me bancaire \u2013 La perte de confiance\" href=\"https:\/\/www.gold.fr\/news\/2012\/12\/12\/francais-et-systeme-bancaire-la-perte-de-confiance\/10113\/\" target=\"_blank\">la loi fiscale s\u2019y met \u00e9galement<\/a>.<\/span>    <span style=\"font-size: small;\">D\u00e9sormais, les op\u00e9rations de <a title=\"Acheter de l'Or\" href=\"https:\/\/www.gold.fr\/achat-or\/\" target=\"_blank\">vente d&rsquo;or<\/a> sont soumises \u00e0 une taxe forfaitaire de <strong>8 %<\/strong>, dont le calcul est effectu\u00e9 sur la base du montant de la transaction.<\/span>    <span style=\"font-size: small;\">Notez qu&rsquo;il est \u00e9galement possible de choisir le r\u00e9gime des plus-values sur bien meubles, (taxe forfaitaire sur la plus-value de <strong>19 %<\/strong> + <strong>15,5 %<\/strong> de pr\u00e9l\u00e8vements sociaux), avec un abattement annuel sur la plus-value de <strong>10 %<\/strong> au-del\u00e0 de la 2\u00e8me ann\u00e9e de d\u00e9tention ; ce qui donnera \u00e9ventuellement lieu \u00e0 une exon\u00e9ration totale au bout de <strong>12 ans<\/strong>.<\/span><\/p>\n<!-- AddThis Advanced Settings generic via filter on the_content --><!-- AddThis Share Buttons generic via filter on the_content -->","protected":false},"excerpt":{"rendered":"<p>Pour la plupart des intervenants du march\u00e9 d&rsquo;investissement, croire en la valeur du m\u00e9tal jaune rel\u00e8ve d\u00e9sormais de l&rsquo;\u00e9vidence. Mais, pour Dimitri Meyer, analyste de la soci\u00e9t\u00e9 de gestion SPGP, cette foi se traduit par des [&hellip;]<\/p>\n","protected":false},"author":18,"featured_media":0,"comment_status":"open","ping_status":"open","sticky":false,"template":"","format":"standard","meta":{"_mbp_gutenberg_autopost":false,"_pgmb_is_evergreen":false,"_pgmb_ap_template_id":0,"footnotes":""},"categories":[6],"tags":[1030,1029,486],"ppma_author":[2565],"class_list":["post-10123","post","type-post","status-publish","format-standard","hentry","category-articles-de-presse","tag-conjoncture-fiscale","tag-conjoncture-monetaire","tag-hausse-du-prix-de-lor"],"yoast_head":"<!-- This site is optimized with the Yoast SEO plugin v27.5 - https:\/\/yoast.com\/product\/yoast-seo-wordpress\/ -->\n<title>La conjoncture mon\u00e9taire\/fiscale soutient l\u2019or - Gold.fr<\/title>\n<meta name=\"robots\" content=\"index, follow, max-snippet:-1, max-image-preview:large, max-video-preview:-1\" \/>\n<link rel=\"canonical\" href=\"https:\/\/www.gold.fr\/news\/2012\/12\/13\/la-conjoncture-monetairefiscale-soutient-lor\/\" \/>\n<meta property=\"og:locale\" content=\"fr_FR\" \/>\n<meta property=\"og:type\" content=\"article\" \/>\n<meta property=\"og:title\" content=\"La conjoncture mon\u00e9taire\/fiscale soutient l\u2019or - Gold.fr\" \/>\n<meta property=\"og:description\" content=\"Pour la plupart des intervenants du march\u00e9 d&rsquo;investissement, croire en la valeur du m\u00e9tal jaune rel\u00e8ve d\u00e9sormais de l&rsquo;\u00e9vidence. Mais, pour Dimitri Meyer, analyste de la soci\u00e9t\u00e9 de gestion SPGP, cette foi se traduit par des [&hellip;]\" \/>\n<meta property=\"og:url\" content=\"https:\/\/www.gold.fr\/news\/2012\/12\/13\/la-conjoncture-monetairefiscale-soutient-lor\/\" \/>\n<meta property=\"og:site_name\" content=\"Gold.fr\" \/>\n<meta property=\"article:publisher\" content=\"https:\/\/www.facebook.com\/Goldfr\/\" \/>\n<meta property=\"article:published_time\" content=\"2012-12-13T16:00:18+00:00\" \/>\n<meta property=\"article:modified_time\" content=\"2017-11-02T10:34:44+00:00\" \/>\n<meta property=\"og:image\" content=\"https:\/\/www.gold.fr\/news\/wp-content\/uploads\/2011\/07\/1-150x150.jpg\" \/>\n<meta name=\"author\" content=\"Comptoir National de l&#039;Or\" \/>\n<meta name=\"twitter:card\" content=\"summary_large_image\" \/>\n<meta name=\"twitter:label1\" content=\"\u00c9crit par\" \/>\n\t<meta name=\"twitter:data1\" content=\"Comptoir National de l&#039;Or\" \/>\n\t<meta name=\"twitter:label2\" content=\"Dur\u00e9e de lecture estim\u00e9e\" \/>\n\t<meta name=\"twitter:data2\" content=\"2 minutes\" \/>\n<script type=\"application\/ld+json\" class=\"yoast-schema-graph\">{\"@context\":\"https:\\\/\\\/schema.org\",\"@graph\":[{\"@type\":\"Article\",\"@id\":\"https:\\\/\\\/www.gold.fr\\\/news\\\/2012\\\/12\\\/13\\\/la-conjoncture-monetairefiscale-soutient-lor\\\/#article\",\"isPartOf\":{\"@id\":\"https:\\\/\\\/www.gold.fr\\\/news\\\/2012\\\/12\\\/13\\\/la-conjoncture-monetairefiscale-soutient-lor\\\/\"},\"author\":{\"name\":\"Comptoir National de l'Or\",\"@id\":\"https:\\\/\\\/www.gold.fr\\\/news\\\/#\\\/schema\\\/person\\\/070491b4b4fb7671bf59b3be20302ce9\"},\"headline\":\"La conjoncture mon\u00e9taire\\\/fiscale soutient l\u2019or\",\"datePublished\":\"2012-12-13T16:00:18+00:00\",\"dateModified\":\"2017-11-02T10:34:44+00:00\",\"mainEntityOfPage\":{\"@id\":\"https:\\\/\\\/www.gold.fr\\\/news\\\/2012\\\/12\\\/13\\\/la-conjoncture-monetairefiscale-soutient-lor\\\/\"},\"wordCount\":341,\"commentCount\":0,\"image\":{\"@id\":\"https:\\\/\\\/www.gold.fr\\\/news\\\/2012\\\/12\\\/13\\\/la-conjoncture-monetairefiscale-soutient-lor\\\/#primaryimage\"},\"thumbnailUrl\":\"https:\\\/\\\/www.gold.fr\\\/news\\\/wp-content\\\/uploads\\\/2011\\\/07\\\/1-150x150.jpg\",\"keywords\":[\"conjoncture fiscale\",\"conjoncture mon\u00e9taire\",\"hausse du prix de l'or\"],\"articleSection\":[\"Articles de presse\"],\"inLanguage\":\"fr-FR\"},{\"@type\":\"WebPage\",\"@id\":\"https:\\\/\\\/www.gold.fr\\\/news\\\/2012\\\/12\\\/13\\\/la-conjoncture-monetairefiscale-soutient-lor\\\/\",\"url\":\"https:\\\/\\\/www.gold.fr\\\/news\\\/2012\\\/12\\\/13\\\/la-conjoncture-monetairefiscale-soutient-lor\\\/\",\"name\":\"La conjoncture mon\u00e9taire\\\/fiscale soutient l\u2019or - Gold.fr\",\"isPartOf\":{\"@id\":\"https:\\\/\\\/www.gold.fr\\\/news\\\/#website\"},\"primaryImageOfPage\":{\"@id\":\"https:\\\/\\\/www.gold.fr\\\/news\\\/2012\\\/12\\\/13\\\/la-conjoncture-monetairefiscale-soutient-lor\\\/#primaryimage\"},\"image\":{\"@id\":\"https:\\\/\\\/www.gold.fr\\\/news\\\/2012\\\/12\\\/13\\\/la-conjoncture-monetairefiscale-soutient-lor\\\/#primaryimage\"},\"thumbnailUrl\":\"https:\\\/\\\/www.gold.fr\\\/news\\\/wp-content\\\/uploads\\\/2011\\\/07\\\/1-150x150.jpg\",\"datePublished\":\"2012-12-13T16:00:18+00:00\",\"dateModified\":\"2017-11-02T10:34:44+00:00\",\"author\":{\"@id\":\"https:\\\/\\\/www.gold.fr\\\/news\\\/#\\\/schema\\\/person\\\/070491b4b4fb7671bf59b3be20302ce9\"},\"breadcrumb\":{\"@id\":\"https:\\\/\\\/www.gold.fr\\\/news\\\/2012\\\/12\\\/13\\\/la-conjoncture-monetairefiscale-soutient-lor\\\/#breadcrumb\"},\"inLanguage\":\"fr-FR\",\"potentialAction\":[{\"@type\":\"ReadAction\",\"target\":[\"https:\\\/\\\/www.gold.fr\\\/news\\\/2012\\\/12\\\/13\\\/la-conjoncture-monetairefiscale-soutient-lor\\\/\"]}]},{\"@type\":\"ImageObject\",\"inLanguage\":\"fr-FR\",\"@id\":\"https:\\\/\\\/www.gold.fr\\\/news\\\/2012\\\/12\\\/13\\\/la-conjoncture-monetairefiscale-soutient-lor\\\/#primaryimage\",\"url\":\"https:\\\/\\\/www.gold.fr\\\/news\\\/wp-content\\\/uploads\\\/2011\\\/07\\\/1-150x150.jpg\",\"contentUrl\":\"https:\\\/\\\/www.gold.fr\\\/news\\\/wp-content\\\/uploads\\\/2011\\\/07\\\/1-150x150.jpg\"},{\"@type\":\"BreadcrumbList\",\"@id\":\"https:\\\/\\\/www.gold.fr\\\/news\\\/2012\\\/12\\\/13\\\/la-conjoncture-monetairefiscale-soutient-lor\\\/#breadcrumb\",\"itemListElement\":[{\"@type\":\"ListItem\",\"position\":1,\"name\":\"Accueil\",\"item\":\"https:\\\/\\\/www.gold.fr\\\/\"},{\"@type\":\"ListItem\",\"position\":2,\"name\":\"Actualit\u00e9s\",\"item\":\"https:\\\/\\\/www.gold.fr\\\/news\\\/\"},{\"@type\":\"ListItem\",\"position\":3,\"name\":\"La conjoncture mon\u00e9taire\\\/fiscale soutient l\u2019or\"}]},{\"@type\":\"WebSite\",\"@id\":\"https:\\\/\\\/www.gold.fr\\\/news\\\/#website\",\"url\":\"https:\\\/\\\/www.gold.fr\\\/news\\\/\",\"name\":\"Gold.fr\",\"description\":\"Actualit\u00e9s de l&#039;Or et des m\u00e9taux pr\u00e9cieux\",\"potentialAction\":[{\"@type\":\"SearchAction\",\"target\":{\"@type\":\"EntryPoint\",\"urlTemplate\":\"https:\\\/\\\/www.gold.fr\\\/news\\\/?s={search_term_string}\"},\"query-input\":{\"@type\":\"PropertyValueSpecification\",\"valueRequired\":true,\"valueName\":\"search_term_string\"}}],\"inLanguage\":\"fr-FR\"},{\"@type\":\"Person\",\"@id\":\"https:\\\/\\\/www.gold.fr\\\/news\\\/#\\\/schema\\\/person\\\/070491b4b4fb7671bf59b3be20302ce9\",\"name\":\"Comptoir National de l'Or\",\"image\":{\"@type\":\"ImageObject\",\"inLanguage\":\"fr-FR\",\"@id\":\"https:\\\/\\\/secure.gravatar.com\\\/avatar\\\/0a2867fd5abe37bed95d5a65e9d58f01756e11efc68af9888dfc50cfa7f65948?s=96&d=mm&r=gb490554db0a38188709de567aa58480d\",\"url\":\"https:\\\/\\\/secure.gravatar.com\\\/avatar\\\/0a2867fd5abe37bed95d5a65e9d58f01756e11efc68af9888dfc50cfa7f65948?s=96&d=mm&r=g\",\"contentUrl\":\"https:\\\/\\\/secure.gravatar.com\\\/avatar\\\/0a2867fd5abe37bed95d5a65e9d58f01756e11efc68af9888dfc50cfa7f65948?s=96&d=mm&r=g\",\"caption\":\"Comptoir National de l'Or\"},\"description\":\"Notre r\u00e9daction est constitu\u00e9e de membres experts dans les m\u00e9tiers de l'\u00e9conomie et la gestion, des Responsables d'agence Comptoir National de l'Or, des analystes financiers qui publient r\u00e9guli\u00e8rement des \u00e9tudes sur les politiques des banques centrales, le cours de l'or, prix de l'or, cours de l'argent, prix de l'argent, cours du platine, cours du palladium,... la situation en zone euro et l'impact de la strat\u00e9gie mon\u00e9taire de la FED. Notre \u00e9quipe scrute \u00e9galement une information plus g\u00e9n\u00e9raliste \u00e0 la recherche d'actualit\u00e9 \\\"p\u00e9pite\\\" \u00e0 vous partager. Depuis 5 ans, nous avons publi\u00e9 un peu plus de 4000 articles qui s'adressent \u00e0 un public large et vari\u00e9 ayant pour objectif de satisfaire votre curiosit\u00e9 et de partager avec vous une certaine fascination pour le m\u00e9tal jaune, le rachat d'or, et pour ceux qui veulent investir dans l'or, vendre leur or tout simplement en savoir plus... Pour tous vos achat or et argent, n'h\u00e9sitez pas \u00e0 prendre rendez-vous dans l'un de nos nombreux comptoirs.\",\"sameAs\":[\"https:\\\/\\\/www.gold.fr\"]}]}<\/script>\n<!-- \/ Yoast SEO plugin. -->","yoast_head_json":{"title":"La conjoncture mon\u00e9taire\/fiscale soutient l\u2019or - Gold.fr","robots":{"index":"index","follow":"follow","max-snippet":"max-snippet:-1","max-image-preview":"max-image-preview:large","max-video-preview":"max-video-preview:-1"},"canonical":"https:\/\/www.gold.fr\/news\/2012\/12\/13\/la-conjoncture-monetairefiscale-soutient-lor\/","og_locale":"fr_FR","og_type":"article","og_title":"La conjoncture mon\u00e9taire\/fiscale soutient l\u2019or - Gold.fr","og_description":"Pour la plupart des intervenants du march\u00e9 d&rsquo;investissement, croire en la valeur du m\u00e9tal jaune rel\u00e8ve d\u00e9sormais de l&rsquo;\u00e9vidence. Mais, pour Dimitri Meyer, analyste de la soci\u00e9t\u00e9 de gestion SPGP, cette foi se traduit par des [&hellip;]","og_url":"https:\/\/www.gold.fr\/news\/2012\/12\/13\/la-conjoncture-monetairefiscale-soutient-lor\/","og_site_name":"Gold.fr","article_publisher":"https:\/\/www.facebook.com\/Goldfr\/","article_published_time":"2012-12-13T16:00:18+00:00","article_modified_time":"2017-11-02T10:34:44+00:00","og_image":[{"url":"https:\/\/www.gold.fr\/news\/wp-content\/uploads\/2011\/07\/1-150x150.jpg","type":"","width":"","height":""}],"author":"Comptoir National de l'Or","twitter_card":"summary_large_image","twitter_misc":{"\u00c9crit par":"Comptoir National de l'Or","Dur\u00e9e de lecture estim\u00e9e":"2 minutes"},"schema":{"@context":"https:\/\/schema.org","@graph":[{"@type":"Article","@id":"https:\/\/www.gold.fr\/news\/2012\/12\/13\/la-conjoncture-monetairefiscale-soutient-lor\/#article","isPartOf":{"@id":"https:\/\/www.gold.fr\/news\/2012\/12\/13\/la-conjoncture-monetairefiscale-soutient-lor\/"},"author":{"name":"Comptoir National de l'Or","@id":"https:\/\/www.gold.fr\/news\/#\/schema\/person\/070491b4b4fb7671bf59b3be20302ce9"},"headline":"La conjoncture mon\u00e9taire\/fiscale soutient l\u2019or","datePublished":"2012-12-13T16:00:18+00:00","dateModified":"2017-11-02T10:34:44+00:00","mainEntityOfPage":{"@id":"https:\/\/www.gold.fr\/news\/2012\/12\/13\/la-conjoncture-monetairefiscale-soutient-lor\/"},"wordCount":341,"commentCount":0,"image":{"@id":"https:\/\/www.gold.fr\/news\/2012\/12\/13\/la-conjoncture-monetairefiscale-soutient-lor\/#primaryimage"},"thumbnailUrl":"https:\/\/www.gold.fr\/news\/wp-content\/uploads\/2011\/07\/1-150x150.jpg","keywords":["conjoncture fiscale","conjoncture mon\u00e9taire","hausse du prix de l'or"],"articleSection":["Articles de presse"],"inLanguage":"fr-FR"},{"@type":"WebPage","@id":"https:\/\/www.gold.fr\/news\/2012\/12\/13\/la-conjoncture-monetairefiscale-soutient-lor\/","url":"https:\/\/www.gold.fr\/news\/2012\/12\/13\/la-conjoncture-monetairefiscale-soutient-lor\/","name":"La conjoncture mon\u00e9taire\/fiscale soutient l\u2019or - Gold.fr","isPartOf":{"@id":"https:\/\/www.gold.fr\/news\/#website"},"primaryImageOfPage":{"@id":"https:\/\/www.gold.fr\/news\/2012\/12\/13\/la-conjoncture-monetairefiscale-soutient-lor\/#primaryimage"},"image":{"@id":"https:\/\/www.gold.fr\/news\/2012\/12\/13\/la-conjoncture-monetairefiscale-soutient-lor\/#primaryimage"},"thumbnailUrl":"https:\/\/www.gold.fr\/news\/wp-content\/uploads\/2011\/07\/1-150x150.jpg","datePublished":"2012-12-13T16:00:18+00:00","dateModified":"2017-11-02T10:34:44+00:00","author":{"@id":"https:\/\/www.gold.fr\/news\/#\/schema\/person\/070491b4b4fb7671bf59b3be20302ce9"},"breadcrumb":{"@id":"https:\/\/www.gold.fr\/news\/2012\/12\/13\/la-conjoncture-monetairefiscale-soutient-lor\/#breadcrumb"},"inLanguage":"fr-FR","potentialAction":[{"@type":"ReadAction","target":["https:\/\/www.gold.fr\/news\/2012\/12\/13\/la-conjoncture-monetairefiscale-soutient-lor\/"]}]},{"@type":"ImageObject","inLanguage":"fr-FR","@id":"https:\/\/www.gold.fr\/news\/2012\/12\/13\/la-conjoncture-monetairefiscale-soutient-lor\/#primaryimage","url":"https:\/\/www.gold.fr\/news\/wp-content\/uploads\/2011\/07\/1-150x150.jpg","contentUrl":"https:\/\/www.gold.fr\/news\/wp-content\/uploads\/2011\/07\/1-150x150.jpg"},{"@type":"BreadcrumbList","@id":"https:\/\/www.gold.fr\/news\/2012\/12\/13\/la-conjoncture-monetairefiscale-soutient-lor\/#breadcrumb","itemListElement":[{"@type":"ListItem","position":1,"name":"Accueil","item":"https:\/\/www.gold.fr\/"},{"@type":"ListItem","position":2,"name":"Actualit\u00e9s","item":"https:\/\/www.gold.fr\/news\/"},{"@type":"ListItem","position":3,"name":"La conjoncture mon\u00e9taire\/fiscale soutient l\u2019or"}]},{"@type":"WebSite","@id":"https:\/\/www.gold.fr\/news\/#website","url":"https:\/\/www.gold.fr\/news\/","name":"Gold.fr","description":"Actualit\u00e9s de l&#039;Or et des m\u00e9taux pr\u00e9cieux","potentialAction":[{"@type":"SearchAction","target":{"@type":"EntryPoint","urlTemplate":"https:\/\/www.gold.fr\/news\/?s={search_term_string}"},"query-input":{"@type":"PropertyValueSpecification","valueRequired":true,"valueName":"search_term_string"}}],"inLanguage":"fr-FR"},{"@type":"Person","@id":"https:\/\/www.gold.fr\/news\/#\/schema\/person\/070491b4b4fb7671bf59b3be20302ce9","name":"Comptoir National de l'Or","image":{"@type":"ImageObject","inLanguage":"fr-FR","@id":"https:\/\/secure.gravatar.com\/avatar\/0a2867fd5abe37bed95d5a65e9d58f01756e11efc68af9888dfc50cfa7f65948?s=96&d=mm&r=gb490554db0a38188709de567aa58480d","url":"https:\/\/secure.gravatar.com\/avatar\/0a2867fd5abe37bed95d5a65e9d58f01756e11efc68af9888dfc50cfa7f65948?s=96&d=mm&r=g","contentUrl":"https:\/\/secure.gravatar.com\/avatar\/0a2867fd5abe37bed95d5a65e9d58f01756e11efc68af9888dfc50cfa7f65948?s=96&d=mm&r=g","caption":"Comptoir National de l'Or"},"description":"Notre r\u00e9daction est constitu\u00e9e de membres experts dans les m\u00e9tiers de l'\u00e9conomie et la gestion, des Responsables d'agence Comptoir National de l'Or, des analystes financiers qui publient r\u00e9guli\u00e8rement des \u00e9tudes sur les politiques des banques centrales, le cours de l'or, prix de l'or, cours de l'argent, prix de l'argent, cours du platine, cours du palladium,... la situation en zone euro et l'impact de la strat\u00e9gie mon\u00e9taire de la FED. Notre \u00e9quipe scrute \u00e9galement une information plus g\u00e9n\u00e9raliste \u00e0 la recherche d'actualit\u00e9 \"p\u00e9pite\" \u00e0 vous partager. Depuis 5 ans, nous avons publi\u00e9 un peu plus de 4000 articles qui s'adressent \u00e0 un public large et vari\u00e9 ayant pour objectif de satisfaire votre curiosit\u00e9 et de partager avec vous une certaine fascination pour le m\u00e9tal jaune, le rachat d'or, et pour ceux qui veulent investir dans l'or, vendre leur or tout simplement en savoir plus... Pour tous vos achat or et argent, n'h\u00e9sitez pas \u00e0 prendre rendez-vous dans l'un de nos nombreux comptoirs.","sameAs":["https:\/\/www.gold.fr"]}]}},"authors":[{"term_id":2565,"user_id":18,"is_guest":0,"slug":"julie","display_name":"Comptoir National de l'Or","avatar_url":"https:\/\/secure.gravatar.com\/avatar\/713f289e398d35ead876c4a4cc08607f0d6d266058cfc25683fffb6092d0e572?s=96&d=mm&r=g","0":null,"1":"","2":"","3":"","4":"","5":"","6":"","7":"","8":""}],"_links":{"self":[{"href":"https:\/\/www.gold.fr\/news\/wp-json\/wp\/v2\/posts\/10123","targetHints":{"allow":["GET"]}}],"collection":[{"href":"https:\/\/www.gold.fr\/news\/wp-json\/wp\/v2\/posts"}],"about":[{"href":"https:\/\/www.gold.fr\/news\/wp-json\/wp\/v2\/types\/post"}],"author":[{"embeddable":true,"href":"https:\/\/www.gold.fr\/news\/wp-json\/wp\/v2\/users\/18"}],"replies":[{"embeddable":true,"href":"https:\/\/www.gold.fr\/news\/wp-json\/wp\/v2\/comments?post=10123"}],"version-history":[{"count":0,"href":"https:\/\/www.gold.fr\/news\/wp-json\/wp\/v2\/posts\/10123\/revisions"}],"wp:attachment":[{"href":"https:\/\/www.gold.fr\/news\/wp-json\/wp\/v2\/media?parent=10123"}],"wp:term":[{"taxonomy":"category","embeddable":true,"href":"https:\/\/www.gold.fr\/news\/wp-json\/wp\/v2\/categories?post=10123"},{"taxonomy":"post_tag","embeddable":true,"href":"https:\/\/www.gold.fr\/news\/wp-json\/wp\/v2\/tags?post=10123"},{"taxonomy":"author","embeddable":true,"href":"https:\/\/www.gold.fr\/news\/wp-json\/wp\/v2\/ppma_author?post=10123"}],"curies":[{"name":"wp","href":"https:\/\/api.w.org\/{rel}","templated":true}]}}