{"id":10063,"date":"2012-12-06T09:00:50","date_gmt":"2012-12-06T08:00:50","guid":{"rendered":"https:\/\/www.gold.fr\/news\/?p=10063"},"modified":"2018-02-23T17:24:11","modified_gmt":"2018-02-23T16:24:11","slug":"hausse-de-lor-sur-le-chemin-des-13","status":"publish","type":"post","link":"https:\/\/www.gold.fr\/news\/2012\/12\/06\/hausse-de-lor-sur-le-chemin-des-13\/","title":{"rendered":"Hausse de l&rsquo;or \u2013 Sur le chemin des 13"},"content":{"rendered":"<p><span style=\"font-size: small;\"><img loading=\"lazy\" decoding=\"async\" class=\"alignleft size-thumbnail wp-image-2682\" title=\"Hausse de l'or \u2013 Sur le chemin des 13\" src=\"https:\/\/www.gold.fr\/news\/wp-content\/uploads\/2011\/10\/Graphique-pieces-150x150.jpg\" alt=\"\" width=\"150\" height=\"150\" \/>S&rsquo;il y a une valeur capable de briser la l\u00e9gendaire superstition rattach\u00e9e au chiffre 13, c&rsquo;est bien celle du <a class=\"esk-seo-plu-link\" href=\"https:\/\/www.gold.fr\/news\/tags\/or\">m\u00e9tal jaune<\/a>. Avec 12 ann\u00e9es cons\u00e9cutives de hausse, et une 13\u00e8me en vue, c&rsquo;est la s\u00e9rie rose qu&rsquo;aucune mal\u00e9diction ne semble pouvoir arr\u00eater.<\/span> <span style=\"font-size: small;\">Certes, niveau demande mondiale, Chine et Inde semblent d\u00e9sormais privil\u00e9gier m\u00e9dailles\/m\u00e9daillons et <a title=\"Pi\u00e8ces d'Or\" href=\"https:\/\/www.gold.fr\/napoleon-or-20-francs-louis-or\/\" target=\"_blank\" rel=\"noopener\">pi\u00e8ces d\u2019or<\/a> aux habituels bijoux et <a title=\"Lingot d'Or\" href=\"https:\/\/www.gold.fr\/lingot-1-kg\/\" target=\"_blank\" rel=\"noopener\">lingots<\/a>, mais la demande globale n&rsquo;en souffre aucunement pour autant.<\/span> <span style=\"font-size: small;\">En 2012, <a title=\"La demande mondiale rebooste les prix\" href=\"https:\/\/www.gold.fr\/news\/2012\/10\/30\/la-demande-mondiale-rebooste-les-prix\/9701\/\" target=\"_blank\" rel=\"noopener\">la demande mondiale de l\u2019or<\/a> a maintenu son niveau habituel, engrangeant m\u00eame <strong>13 %<\/strong> au-dessus de sa moyenne enregistr\u00e9e sur les cinq derni\u00e8res ann\u00e9es, t\u00e9moignant d&rsquo;un app\u00e9tit aussi solide que grandissant pour le <a class=\"esk-seo-plu-link\" href=\"https:\/\/www.gold.fr\/news\/tags\/or\">m\u00e9tal jaune<\/a>. Une demande constante qui provient des m\u00e9nages, mais \u00e9galement de la part des investisseurs plus aguerris\/professionnels comme en t\u00e9moigne l&rsquo;\u00e9tonnante flamb\u00e9e cette ann\u00e9e des <strong>ETF<\/strong>, les investisseurs ayant acquis plus de <strong>136 tonnes d&rsquo;<a class=\"esk-seo-plu-link\" href=\"https:\/\/www.gold.fr\/news\/tags\/or\">or<\/a><\/strong> (soit une progression de <strong>+ 56 %<\/strong>) au troisi\u00e8me trimestre 2012 seul. Rappelons que <a title=\"Or ETF\" href=\"https:\/\/www.gold.fr\/news\/2012\/10\/09\/or-etf-est-ce-le-bon-choix-1ere-partie\/9446\/\" target=\"_blank\" rel=\"noopener\">les ETF<\/a>, moyen de plus en plus populaire <a title=\"Acqu\u00e9rir de l\u2019or physique \" href=\"https:\/\/www.gold.fr\/news\/2012\/11\/27\/acquerir-de-lor-physique-les-lingots\/9965\/\" target=\"_blank\" rel=\"noopener\">d&rsquo;investir sur l&rsquo;or physique<\/a>, d\u00e9tient actuellement plus d&rsquo;<a class=\"esk-seo-plu-link\" href=\"https:\/\/www.gold.fr\/news\/tags\/or\">or<\/a> que la Banque de France elle-m\u00eame (soit le record historique de plus de <strong>2.691 tonnes de <a class=\"esk-seo-plu-link\" href=\"https:\/\/www.gold.fr\/news\/tags\/or\">m\u00e9tal jaune<\/a><\/strong>).<\/span> <span style=\"font-size: small;\">Durant ses douze ann\u00e9es de hausse, la demande d&rsquo;<a class=\"esk-seo-plu-link\" href=\"https:\/\/www.gold.fr\/news\/tags\/or\">or<\/a> physique n&rsquo;a jamais cess\u00e9 de progresser, se hissant de <strong>2.827<\/strong> \u00e0 <strong>4.586 tonnes<\/strong>. Depuis le mois de janvier 2012, <a title=\"Prix de l'Once d'Or\" href=\"https:\/\/www.gold.fr\/once-en\/\" target=\"_blank\" rel=\"noopener\">l&rsquo;once d\u2019or<\/a> s&rsquo;est hiss\u00e9 d&rsquo;environ <strong>11 %<\/strong> et s&rsquo;appr\u00eate d\u00e9j\u00e0 \u00e0 se lancer \u00e0 la conqu\u00eate de sa treizi\u00e8me ann\u00e9e cons\u00e9cutive de hausse.<\/span><\/p>\n<!-- AddThis Advanced Settings generic via filter on the_content --><!-- AddThis Share Buttons generic via filter on the_content -->","protected":false},"excerpt":{"rendered":"<p>S&rsquo;il y a une valeur capable de briser la l\u00e9gendaire superstition rattach\u00e9e au chiffre 13, c&rsquo;est bien celle du m\u00e9tal jaune. Avec 12 ann\u00e9es cons\u00e9cutives de hausse, et une 13\u00e8me en vue, c&rsquo;est la s\u00e9rie rose [&hellip;]<\/p>\n","protected":false},"author":18,"featured_media":2682,"comment_status":"open","ping_status":"open","sticky":false,"template":"","format":"standard","meta":{"_mbp_gutenberg_autopost":false,"_pgmb_is_evergreen":false,"_pgmb_ap_template_id":0,"footnotes":""},"categories":[6],"tags":[264,120,927,83],"ppma_author":[2565],"class_list":["post-10063","post","type-post","status-publish","format-standard","has-post-thumbnail","hentry","category-articles-de-presse","tag-demande-mondiale-dor","tag-hausse-de-lor","tag-prix-de-lonce","tag-prix-de-lor"],"yoast_head":"<!-- This site is optimized with the Yoast SEO plugin v27.5 - https:\/\/yoast.com\/product\/yoast-seo-wordpress\/ -->\n<title>Hausse de l&#039;or \u2013 Sur le chemin des 13 - Gold.fr<\/title>\n<meta name=\"robots\" content=\"index, follow, max-snippet:-1, max-image-preview:large, max-video-preview:-1\" \/>\n<link rel=\"canonical\" href=\"https:\/\/www.gold.fr\/news\/2012\/12\/06\/hausse-de-lor-sur-le-chemin-des-13\/\" \/>\n<meta property=\"og:locale\" content=\"fr_FR\" \/>\n<meta property=\"og:type\" content=\"article\" \/>\n<meta property=\"og:title\" content=\"Hausse de l&#039;or \u2013 Sur le chemin des 13 - Gold.fr\" \/>\n<meta property=\"og:description\" content=\"S&rsquo;il y a une valeur capable de briser la l\u00e9gendaire superstition rattach\u00e9e au chiffre 13, c&rsquo;est bien celle du m\u00e9tal jaune. Avec 12 ann\u00e9es cons\u00e9cutives de hausse, et une 13\u00e8me en vue, c&rsquo;est la s\u00e9rie rose [&hellip;]\" \/>\n<meta property=\"og:url\" content=\"https:\/\/www.gold.fr\/news\/2012\/12\/06\/hausse-de-lor-sur-le-chemin-des-13\/\" \/>\n<meta property=\"og:site_name\" content=\"Gold.fr\" \/>\n<meta property=\"article:publisher\" content=\"https:\/\/www.facebook.com\/Goldfr\/\" \/>\n<meta property=\"article:published_time\" content=\"2012-12-06T08:00:50+00:00\" \/>\n<meta property=\"article:modified_time\" content=\"2018-02-23T16:24:11+00:00\" \/>\n<meta property=\"og:image\" content=\"https:\/\/www.gold.fr\/news\/wp-content\/uploads\/2011\/10\/Graphique-pieces-e1325701644436.jpg\" \/>\n\t<meta property=\"og:image:width\" content=\"609\" \/>\n\t<meta property=\"og:image:height\" content=\"400\" \/>\n\t<meta property=\"og:image:type\" content=\"image\/jpeg\" \/>\n<meta name=\"author\" content=\"Comptoir National de l&#039;Or\" \/>\n<meta name=\"twitter:card\" content=\"summary_large_image\" \/>\n<meta name=\"twitter:label1\" content=\"\u00c9crit par\" \/>\n\t<meta name=\"twitter:data1\" content=\"Comptoir National de l&#039;Or\" \/>\n\t<meta name=\"twitter:label2\" content=\"Dur\u00e9e de lecture estim\u00e9e\" \/>\n\t<meta name=\"twitter:data2\" content=\"1 minute\" \/>\n<script type=\"application\/ld+json\" class=\"yoast-schema-graph\">{\"@context\":\"https:\\\/\\\/schema.org\",\"@graph\":[{\"@type\":\"Article\",\"@id\":\"https:\\\/\\\/www.gold.fr\\\/news\\\/2012\\\/12\\\/06\\\/hausse-de-lor-sur-le-chemin-des-13\\\/#article\",\"isPartOf\":{\"@id\":\"https:\\\/\\\/www.gold.fr\\\/news\\\/2012\\\/12\\\/06\\\/hausse-de-lor-sur-le-chemin-des-13\\\/\"},\"author\":{\"name\":\"Comptoir National de l'Or\",\"@id\":\"https:\\\/\\\/www.gold.fr\\\/news\\\/#\\\/schema\\\/person\\\/070491b4b4fb7671bf59b3be20302ce9\"},\"headline\":\"Hausse de l&rsquo;or \u2013 Sur le chemin des 13\",\"datePublished\":\"2012-12-06T08:00:50+00:00\",\"dateModified\":\"2018-02-23T16:24:11+00:00\",\"mainEntityOfPage\":{\"@id\":\"https:\\\/\\\/www.gold.fr\\\/news\\\/2012\\\/12\\\/06\\\/hausse-de-lor-sur-le-chemin-des-13\\\/\"},\"wordCount\":286,\"commentCount\":0,\"image\":{\"@id\":\"https:\\\/\\\/www.gold.fr\\\/news\\\/2012\\\/12\\\/06\\\/hausse-de-lor-sur-le-chemin-des-13\\\/#primaryimage\"},\"thumbnailUrl\":\"https:\\\/\\\/www.gold.fr\\\/news\\\/wp-content\\\/uploads\\\/2011\\\/10\\\/Graphique-pieces-e1325701644436.jpg\",\"keywords\":[\"Demande mondiale d'or\",\"hausse de l'or\",\"prix de l'once\",\"prix de l'or\"],\"articleSection\":[\"Articles de presse\"],\"inLanguage\":\"fr-FR\"},{\"@type\":\"WebPage\",\"@id\":\"https:\\\/\\\/www.gold.fr\\\/news\\\/2012\\\/12\\\/06\\\/hausse-de-lor-sur-le-chemin-des-13\\\/\",\"url\":\"https:\\\/\\\/www.gold.fr\\\/news\\\/2012\\\/12\\\/06\\\/hausse-de-lor-sur-le-chemin-des-13\\\/\",\"name\":\"Hausse de l'or \u2013 Sur le chemin des 13 - Gold.fr\",\"isPartOf\":{\"@id\":\"https:\\\/\\\/www.gold.fr\\\/news\\\/#website\"},\"primaryImageOfPage\":{\"@id\":\"https:\\\/\\\/www.gold.fr\\\/news\\\/2012\\\/12\\\/06\\\/hausse-de-lor-sur-le-chemin-des-13\\\/#primaryimage\"},\"image\":{\"@id\":\"https:\\\/\\\/www.gold.fr\\\/news\\\/2012\\\/12\\\/06\\\/hausse-de-lor-sur-le-chemin-des-13\\\/#primaryimage\"},\"thumbnailUrl\":\"https:\\\/\\\/www.gold.fr\\\/news\\\/wp-content\\\/uploads\\\/2011\\\/10\\\/Graphique-pieces-e1325701644436.jpg\",\"datePublished\":\"2012-12-06T08:00:50+00:00\",\"dateModified\":\"2018-02-23T16:24:11+00:00\",\"author\":{\"@id\":\"https:\\\/\\\/www.gold.fr\\\/news\\\/#\\\/schema\\\/person\\\/070491b4b4fb7671bf59b3be20302ce9\"},\"breadcrumb\":{\"@id\":\"https:\\\/\\\/www.gold.fr\\\/news\\\/2012\\\/12\\\/06\\\/hausse-de-lor-sur-le-chemin-des-13\\\/#breadcrumb\"},\"inLanguage\":\"fr-FR\",\"potentialAction\":[{\"@type\":\"ReadAction\",\"target\":[\"https:\\\/\\\/www.gold.fr\\\/news\\\/2012\\\/12\\\/06\\\/hausse-de-lor-sur-le-chemin-des-13\\\/\"]}]},{\"@type\":\"ImageObject\",\"inLanguage\":\"fr-FR\",\"@id\":\"https:\\\/\\\/www.gold.fr\\\/news\\\/2012\\\/12\\\/06\\\/hausse-de-lor-sur-le-chemin-des-13\\\/#primaryimage\",\"url\":\"https:\\\/\\\/www.gold.fr\\\/news\\\/wp-content\\\/uploads\\\/2011\\\/10\\\/Graphique-pieces-e1325701644436.jpg\",\"contentUrl\":\"https:\\\/\\\/www.gold.fr\\\/news\\\/wp-content\\\/uploads\\\/2011\\\/10\\\/Graphique-pieces-e1325701644436.jpg\",\"width\":\"609\",\"height\":\"400\",\"caption\":\"BCE : Une politique mon\u00e9taire dans le collimateur\"},{\"@type\":\"BreadcrumbList\",\"@id\":\"https:\\\/\\\/www.gold.fr\\\/news\\\/2012\\\/12\\\/06\\\/hausse-de-lor-sur-le-chemin-des-13\\\/#breadcrumb\",\"itemListElement\":[{\"@type\":\"ListItem\",\"position\":1,\"name\":\"Accueil\",\"item\":\"https:\\\/\\\/www.gold.fr\\\/\"},{\"@type\":\"ListItem\",\"position\":2,\"name\":\"Actualit\u00e9s\",\"item\":\"https:\\\/\\\/www.gold.fr\\\/news\\\/\"},{\"@type\":\"ListItem\",\"position\":3,\"name\":\"Hausse de l&rsquo;or \u2013 Sur le chemin des 13\"}]},{\"@type\":\"WebSite\",\"@id\":\"https:\\\/\\\/www.gold.fr\\\/news\\\/#website\",\"url\":\"https:\\\/\\\/www.gold.fr\\\/news\\\/\",\"name\":\"Gold.fr\",\"description\":\"Actualit\u00e9s de l&#039;Or et des m\u00e9taux pr\u00e9cieux\",\"potentialAction\":[{\"@type\":\"SearchAction\",\"target\":{\"@type\":\"EntryPoint\",\"urlTemplate\":\"https:\\\/\\\/www.gold.fr\\\/news\\\/?s={search_term_string}\"},\"query-input\":{\"@type\":\"PropertyValueSpecification\",\"valueRequired\":true,\"valueName\":\"search_term_string\"}}],\"inLanguage\":\"fr-FR\"},{\"@type\":\"Person\",\"@id\":\"https:\\\/\\\/www.gold.fr\\\/news\\\/#\\\/schema\\\/person\\\/070491b4b4fb7671bf59b3be20302ce9\",\"name\":\"Comptoir National de l'Or\",\"image\":{\"@type\":\"ImageObject\",\"inLanguage\":\"fr-FR\",\"@id\":\"https:\\\/\\\/secure.gravatar.com\\\/avatar\\\/0a2867fd5abe37bed95d5a65e9d58f01756e11efc68af9888dfc50cfa7f65948?s=96&d=mm&r=gb490554db0a38188709de567aa58480d\",\"url\":\"https:\\\/\\\/secure.gravatar.com\\\/avatar\\\/0a2867fd5abe37bed95d5a65e9d58f01756e11efc68af9888dfc50cfa7f65948?s=96&d=mm&r=g\",\"contentUrl\":\"https:\\\/\\\/secure.gravatar.com\\\/avatar\\\/0a2867fd5abe37bed95d5a65e9d58f01756e11efc68af9888dfc50cfa7f65948?s=96&d=mm&r=g\",\"caption\":\"Comptoir National de l'Or\"},\"description\":\"Notre r\u00e9daction est constitu\u00e9e de membres experts dans les m\u00e9tiers de l'\u00e9conomie et la gestion, des Responsables d'agence Comptoir National de l'Or, des analystes financiers qui publient r\u00e9guli\u00e8rement des \u00e9tudes sur les politiques des banques centrales, le cours de l'or, prix de l'or, cours de l'argent, prix de l'argent, cours du platine, cours du palladium,... la situation en zone euro et l'impact de la strat\u00e9gie mon\u00e9taire de la FED. Notre \u00e9quipe scrute \u00e9galement une information plus g\u00e9n\u00e9raliste \u00e0 la recherche d'actualit\u00e9 \\\"p\u00e9pite\\\" \u00e0 vous partager. Depuis 5 ans, nous avons publi\u00e9 un peu plus de 4000 articles qui s'adressent \u00e0 un public large et vari\u00e9 ayant pour objectif de satisfaire votre curiosit\u00e9 et de partager avec vous une certaine fascination pour le m\u00e9tal jaune, le rachat d'or, et pour ceux qui veulent investir dans l'or, vendre leur or tout simplement en savoir plus... Pour tous vos achat or et argent, n'h\u00e9sitez pas \u00e0 prendre rendez-vous dans l'un de nos nombreux comptoirs.\",\"sameAs\":[\"https:\\\/\\\/www.gold.fr\"]}]}<\/script>\n<!-- \/ Yoast SEO plugin. -->","yoast_head_json":{"title":"Hausse de l'or \u2013 Sur le chemin des 13 - Gold.fr","robots":{"index":"index","follow":"follow","max-snippet":"max-snippet:-1","max-image-preview":"max-image-preview:large","max-video-preview":"max-video-preview:-1"},"canonical":"https:\/\/www.gold.fr\/news\/2012\/12\/06\/hausse-de-lor-sur-le-chemin-des-13\/","og_locale":"fr_FR","og_type":"article","og_title":"Hausse de l'or \u2013 Sur le chemin des 13 - Gold.fr","og_description":"S&rsquo;il y a une valeur capable de briser la l\u00e9gendaire superstition rattach\u00e9e au chiffre 13, c&rsquo;est bien celle du m\u00e9tal jaune. Avec 12 ann\u00e9es cons\u00e9cutives de hausse, et une 13\u00e8me en vue, c&rsquo;est la s\u00e9rie rose [&hellip;]","og_url":"https:\/\/www.gold.fr\/news\/2012\/12\/06\/hausse-de-lor-sur-le-chemin-des-13\/","og_site_name":"Gold.fr","article_publisher":"https:\/\/www.facebook.com\/Goldfr\/","article_published_time":"2012-12-06T08:00:50+00:00","article_modified_time":"2018-02-23T16:24:11+00:00","og_image":[{"width":609,"height":400,"url":"https:\/\/www.gold.fr\/news\/wp-content\/uploads\/2011\/10\/Graphique-pieces-e1325701644436.jpg","type":"image\/jpeg"}],"author":"Comptoir National de l'Or","twitter_card":"summary_large_image","twitter_misc":{"\u00c9crit par":"Comptoir National de l'Or","Dur\u00e9e de lecture estim\u00e9e":"1 minute"},"schema":{"@context":"https:\/\/schema.org","@graph":[{"@type":"Article","@id":"https:\/\/www.gold.fr\/news\/2012\/12\/06\/hausse-de-lor-sur-le-chemin-des-13\/#article","isPartOf":{"@id":"https:\/\/www.gold.fr\/news\/2012\/12\/06\/hausse-de-lor-sur-le-chemin-des-13\/"},"author":{"name":"Comptoir National de l'Or","@id":"https:\/\/www.gold.fr\/news\/#\/schema\/person\/070491b4b4fb7671bf59b3be20302ce9"},"headline":"Hausse de l&rsquo;or \u2013 Sur le chemin des 13","datePublished":"2012-12-06T08:00:50+00:00","dateModified":"2018-02-23T16:24:11+00:00","mainEntityOfPage":{"@id":"https:\/\/www.gold.fr\/news\/2012\/12\/06\/hausse-de-lor-sur-le-chemin-des-13\/"},"wordCount":286,"commentCount":0,"image":{"@id":"https:\/\/www.gold.fr\/news\/2012\/12\/06\/hausse-de-lor-sur-le-chemin-des-13\/#primaryimage"},"thumbnailUrl":"https:\/\/www.gold.fr\/news\/wp-content\/uploads\/2011\/10\/Graphique-pieces-e1325701644436.jpg","keywords":["Demande mondiale d'or","hausse de l'or","prix de l'once","prix de l'or"],"articleSection":["Articles de presse"],"inLanguage":"fr-FR"},{"@type":"WebPage","@id":"https:\/\/www.gold.fr\/news\/2012\/12\/06\/hausse-de-lor-sur-le-chemin-des-13\/","url":"https:\/\/www.gold.fr\/news\/2012\/12\/06\/hausse-de-lor-sur-le-chemin-des-13\/","name":"Hausse de l'or \u2013 Sur le chemin des 13 - Gold.fr","isPartOf":{"@id":"https:\/\/www.gold.fr\/news\/#website"},"primaryImageOfPage":{"@id":"https:\/\/www.gold.fr\/news\/2012\/12\/06\/hausse-de-lor-sur-le-chemin-des-13\/#primaryimage"},"image":{"@id":"https:\/\/www.gold.fr\/news\/2012\/12\/06\/hausse-de-lor-sur-le-chemin-des-13\/#primaryimage"},"thumbnailUrl":"https:\/\/www.gold.fr\/news\/wp-content\/uploads\/2011\/10\/Graphique-pieces-e1325701644436.jpg","datePublished":"2012-12-06T08:00:50+00:00","dateModified":"2018-02-23T16:24:11+00:00","author":{"@id":"https:\/\/www.gold.fr\/news\/#\/schema\/person\/070491b4b4fb7671bf59b3be20302ce9"},"breadcrumb":{"@id":"https:\/\/www.gold.fr\/news\/2012\/12\/06\/hausse-de-lor-sur-le-chemin-des-13\/#breadcrumb"},"inLanguage":"fr-FR","potentialAction":[{"@type":"ReadAction","target":["https:\/\/www.gold.fr\/news\/2012\/12\/06\/hausse-de-lor-sur-le-chemin-des-13\/"]}]},{"@type":"ImageObject","inLanguage":"fr-FR","@id":"https:\/\/www.gold.fr\/news\/2012\/12\/06\/hausse-de-lor-sur-le-chemin-des-13\/#primaryimage","url":"https:\/\/www.gold.fr\/news\/wp-content\/uploads\/2011\/10\/Graphique-pieces-e1325701644436.jpg","contentUrl":"https:\/\/www.gold.fr\/news\/wp-content\/uploads\/2011\/10\/Graphique-pieces-e1325701644436.jpg","width":"609","height":"400","caption":"BCE : Une politique mon\u00e9taire dans le collimateur"},{"@type":"BreadcrumbList","@id":"https:\/\/www.gold.fr\/news\/2012\/12\/06\/hausse-de-lor-sur-le-chemin-des-13\/#breadcrumb","itemListElement":[{"@type":"ListItem","position":1,"name":"Accueil","item":"https:\/\/www.gold.fr\/"},{"@type":"ListItem","position":2,"name":"Actualit\u00e9s","item":"https:\/\/www.gold.fr\/news\/"},{"@type":"ListItem","position":3,"name":"Hausse de l&rsquo;or \u2013 Sur le chemin des 13"}]},{"@type":"WebSite","@id":"https:\/\/www.gold.fr\/news\/#website","url":"https:\/\/www.gold.fr\/news\/","name":"Gold.fr","description":"Actualit\u00e9s de l&#039;Or et des m\u00e9taux pr\u00e9cieux","potentialAction":[{"@type":"SearchAction","target":{"@type":"EntryPoint","urlTemplate":"https:\/\/www.gold.fr\/news\/?s={search_term_string}"},"query-input":{"@type":"PropertyValueSpecification","valueRequired":true,"valueName":"search_term_string"}}],"inLanguage":"fr-FR"},{"@type":"Person","@id":"https:\/\/www.gold.fr\/news\/#\/schema\/person\/070491b4b4fb7671bf59b3be20302ce9","name":"Comptoir National de l'Or","image":{"@type":"ImageObject","inLanguage":"fr-FR","@id":"https:\/\/secure.gravatar.com\/avatar\/0a2867fd5abe37bed95d5a65e9d58f01756e11efc68af9888dfc50cfa7f65948?s=96&d=mm&r=gb490554db0a38188709de567aa58480d","url":"https:\/\/secure.gravatar.com\/avatar\/0a2867fd5abe37bed95d5a65e9d58f01756e11efc68af9888dfc50cfa7f65948?s=96&d=mm&r=g","contentUrl":"https:\/\/secure.gravatar.com\/avatar\/0a2867fd5abe37bed95d5a65e9d58f01756e11efc68af9888dfc50cfa7f65948?s=96&d=mm&r=g","caption":"Comptoir National de l'Or"},"description":"Notre r\u00e9daction est constitu\u00e9e de membres experts dans les m\u00e9tiers de l'\u00e9conomie et la gestion, des Responsables d'agence Comptoir National de l'Or, des analystes financiers qui publient r\u00e9guli\u00e8rement des \u00e9tudes sur les politiques des banques centrales, le cours de l'or, prix de l'or, cours de l'argent, prix de l'argent, cours du platine, cours du palladium,... la situation en zone euro et l'impact de la strat\u00e9gie mon\u00e9taire de la FED. Notre \u00e9quipe scrute \u00e9galement une information plus g\u00e9n\u00e9raliste \u00e0 la recherche d'actualit\u00e9 \"p\u00e9pite\" \u00e0 vous partager. Depuis 5 ans, nous avons publi\u00e9 un peu plus de 4000 articles qui s'adressent \u00e0 un public large et vari\u00e9 ayant pour objectif de satisfaire votre curiosit\u00e9 et de partager avec vous une certaine fascination pour le m\u00e9tal jaune, le rachat d'or, et pour ceux qui veulent investir dans l'or, vendre leur or tout simplement en savoir plus... Pour tous vos achat or et argent, n'h\u00e9sitez pas \u00e0 prendre rendez-vous dans l'un de nos nombreux comptoirs.","sameAs":["https:\/\/www.gold.fr"]}]}},"authors":[{"term_id":2565,"user_id":18,"is_guest":0,"slug":"julie","display_name":"Comptoir National de l'Or","avatar_url":"https:\/\/secure.gravatar.com\/avatar\/713f289e398d35ead876c4a4cc08607f0d6d266058cfc25683fffb6092d0e572?s=96&d=mm&r=g","0":null,"1":"","2":"","3":"","4":"","5":"","6":"","7":"","8":""}],"_links":{"self":[{"href":"https:\/\/www.gold.fr\/news\/wp-json\/wp\/v2\/posts\/10063","targetHints":{"allow":["GET"]}}],"collection":[{"href":"https:\/\/www.gold.fr\/news\/wp-json\/wp\/v2\/posts"}],"about":[{"href":"https:\/\/www.gold.fr\/news\/wp-json\/wp\/v2\/types\/post"}],"author":[{"embeddable":true,"href":"https:\/\/www.gold.fr\/news\/wp-json\/wp\/v2\/users\/18"}],"replies":[{"embeddable":true,"href":"https:\/\/www.gold.fr\/news\/wp-json\/wp\/v2\/comments?post=10063"}],"version-history":[{"count":0,"href":"https:\/\/www.gold.fr\/news\/wp-json\/wp\/v2\/posts\/10063\/revisions"}],"wp:featuredmedia":[{"embeddable":true,"href":"https:\/\/www.gold.fr\/news\/wp-json\/wp\/v2\/media\/2682"}],"wp:attachment":[{"href":"https:\/\/www.gold.fr\/news\/wp-json\/wp\/v2\/media?parent=10063"}],"wp:term":[{"taxonomy":"category","embeddable":true,"href":"https:\/\/www.gold.fr\/news\/wp-json\/wp\/v2\/categories?post=10063"},{"taxonomy":"post_tag","embeddable":true,"href":"https:\/\/www.gold.fr\/news\/wp-json\/wp\/v2\/tags?post=10063"},{"taxonomy":"author","embeddable":true,"href":"https:\/\/www.gold.fr\/news\/wp-json\/wp\/v2\/ppma_author?post=10063"}],"curies":[{"name":"wp","href":"https:\/\/api.w.org\/{rel}","templated":true}]}}